{"id":1231,"date":"2011-12-26T14:08:55","date_gmt":"2011-12-26T17:08:55","guid":{"rendered":"http:\/\/www.gnosisprimordial.com\/?p=1231"},"modified":"2017-03-16T14:34:55","modified_gmt":"2017-03-16T17:34:55","slug":"platos-voladores-con-la-imagen-del-sol-negro-y-extraterrestres-que-hablan-aleman","status":"publish","type":"post","link":"https:\/\/www.gnosisprimordial.com\/?p=1231","title":{"rendered":"Platos voladores con la imagen del Sol Negro y extraterrestres que hablan alem\u00e1n"},"content":{"rendered":"<p><strong>Extraterrestres que hablan en alem\u00e1n<\/strong><\/p>\n<p>Un hecho muy concreto, las fotograf\u00edas tomadas por George Adamski en 1952 a un \u201cplatillo volante\u201d, en el que eran claramente visibles los s\u00edmbolos del Sol Negro nazi, hizo que se adoptaran urgentes y energ\u00e9ticas medidas. As\u00ed, en un documento secreto de la CIA conocido gracias a una filtraci\u00f3n, se dec\u00eda que \u201cha sido estructurada una red de informaci\u00f3n a nivel mundial&#8230; y se han cursado \u00f3rdenes a las principales bases a\u00e9reas militares bajo nuestro mando para localizar, interceptar y abatir a los OVNIs&#8230; Todo este tipo de informaci\u00f3n debe ser cuidadosamente ocultada y preservada del acceso p\u00fablico a fin de evitar un p\u00e1nico general\u201d.<br \/>\nA partir de entonces las fotograf\u00edas sobre discos voladores ser\u00edan confiscadas o publicadas sistem\u00e1ticamente como falsas.<br \/>\nAdem\u00e1s, se program\u00f3 paralelamente una campa\u00f1a orientada a atribuir un origen extraterrestre a los OVNIs y a promover \u201cevidencias\u201d de la \u201cnormalidad\u201d de visitas extraterrestres a lo largo de la historia.<br \/>\n\u201cDe esta forma \u2013dice el misterioso informe\u2013 se evitaba que se relacionen a los OVNIs con el III Reich o el nacionalsocialismo, y se minimizaba, por tanto, la sensaci\u00f3n de p\u00e1nico mundial\u201d.<br \/>\nSin embargo, aunque exist\u00edan m\u00faltiples narraciones rid\u00edculas sobre OVNIs que tienen por protagonistas a \u201cvenusianos\u201d, \u201chombres verdes\u201d y extra\u00f1os seres monstruosos, hay otros testimonios que deber\u00edan ser tenidos en cuenta. Es el caso de cierto californiano, comerciante de cereales, que asegur\u00f3 haber visto un OVNI posado en la tierra y haber o\u00eddo n\u00edtidamente a los tripulantes de la extra\u00f1a nave expresarse en correcto alem\u00e1n y no en un idioma marciano.<br \/>\nLa reacci\u00f3n del gobierno estadounidense ante estas afirmaciones fue autom\u00e1tica, intentando impedir una mayor difusi\u00f3n de esos datos; y as\u00ed, a pesar de comprobarse que aquel hombre era sincero en sus manifestaciones y gozaba de una salud mental totalmente normal, se le apart\u00f3 de la vida p\u00fablica, fue internado en prisi\u00f3n y se procedi\u00f3 a eliminar todas las huellas de sus manifestaciones.<\/p>\n<p><a href=\"https:\/\/www.gnosisprimordial.com\/wp-content\/uploads\/2011\/12\/haunebuii9sv.jpg\"><img loading=\"lazy\" decoding=\"async\" class=\"alignnone size-full wp-image-1232\" title=\"haunebuii9sv\" src=\"https:\/\/www.gnosisprimordial.com\/wp-content\/uploads\/2011\/12\/haunebuii9sv.jpg\" alt=\"\" width=\"570\" height=\"428\" srcset=\"https:\/\/www.gnosisprimordial.com\/wp-content\/uploads\/2011\/12\/haunebuii9sv.jpg 800w, https:\/\/www.gnosisprimordial.com\/wp-content\/uploads\/2011\/12\/haunebuii9sv-300x225.jpg 300w\" sizes=\"auto, (max-width: 570px) 100vw, 570px\" \/><\/a><\/p>\n<p>George Adamski no sufri\u00f3 la misma suerte, pero fue porque afirm\u00f3 haber contactado \u201csimplemente\u201d con venusinos&#8230; Y, sin embargo, los misteriosos dise\u00f1os vistos por Adamski eran, indudablemente, cruces gamadas; lo que sucede es que \u00e9l los relacion\u00f3 con s\u00edmbolos universales y ancestrales sobre Venus.<\/p>\n<p><strong><br \/>\nExpedici\u00f3n a la Ant\u00e1rtida<\/strong><br \/>\nOtro hecho que apoya la tesis del informe sobre el origen nazi de muchos OVNIs es la misteriosa expedici\u00f3n a la Ant\u00e1rtida realizada por los alemanes en 1938 bajo el mando del capit\u00e1n Ritscher. Su objetivo, tanto cient\u00edfico como militar, consist\u00eda sobre todo en conquistar un espacio de este inh\u00f3spito territorio. Y as\u00ed fue c\u00f3mo el nombre del buque en el que se trasladaron los alemanes \u2013Neu Schwabenland (Nueva Suabia)\u2013 fue puesto a una amplia zona de costa ant\u00e1rtica que ning\u00fan gobierno germano de posguerra ha dejado de reivindicar.<br \/>\nA\u00f1os m\u00e1s tarde, en uno de los momentos m\u00e1s encarnizados de la Segunda Guerra Mundial, D\u00f6enitz, el gran almirante de la Kriegmarine (Marina de Guerra) del III Reich, transmiti\u00f3 una misteriosa orden a las \u201cfuerzas de reserva del \u00faltimo batall\u00f3n\u201d de submarinos, plenos de importantes misiones, de una tarea \u201cespecial adicional\u201d. Respecto a los pormenores y detalles de sus instrucciones, nunca se ha podido saber nada con certeza y, hasta hoy mismo, permanecen en el m\u00e1s absoluto misterio.<br \/>\nHay que tener en cuenta que, en aquellos d\u00edas, la flota submarina alemana era la m\u00e1s perfeccionada de todo el mundo. Hay plena certeza de que se construyeron submarinos antisonar, de propulsi\u00f3n el\u00e9ctrica, desmontables y veloces. Tambi\u00e9n se sabe que exist\u00edan proyectos para construir otros superiores incluso a los indicados, y est\u00e1 demostrado que el transporte masivo de hombres, v\u00edveres, municiones y miles de mercanc\u00edas por v\u00eda submarina era totalmente posible y seguro para los alemanes. En realidad, el III Reich jam\u00e1s interrumpi\u00f3 su contacto permanente con Jap\u00f3n ni con otros puntos del planeta.<\/p>\n<p>Pero, \u00bfcu\u00e1les eran los verdaderos objetivos, estrat\u00e9gicos y militares de aquella potencia submarina? Algunos dicen que parec\u00edan ser otros muy distintos a ganar la guerra entablada en la superficie. Lo cierto es que los documentos capturados por los aliados, relacionados con la armada submarina alemana, durante la Segunda Guerra Mundial, sus misiones, t\u00e1cticas, objetivos, etc., a\u00fan est\u00e1n bajo prohibici\u00f3n de consulta sin ninguna clase de justificaci\u00f3n. \u201cAunque, sin duda \u2013como apunta el informe que recib\u00ed\u2013 habr\u00e1 una que los aliados y algunos m\u00e1s conocen\u201d.<\/p>\n<p><strong><br \/>\nLa misteriosa desaparici\u00f3n de cien submarinos<\/strong><br \/>\nAlgo que a\u00f1ade m\u00e1s misterio al asunto es que, hasta hoy, no se sabe el paradero de cerca de cien submarinos, pr\u00e1cticamente indestructibles por causas naturales. Los aliados han revisado bien sus hundimientos de submarinos alemanes y no les salen las cuentas. Pero tal cantidad de submarinos \u201cvolatilizados\u201d, sin dejar ning\u00fan rastro, representa una enorme flota. Adem\u00e1s, no se trata de submarinos normales, ya que incluso buena parte de los mismos eran del tipo U-21, unos supersubmarinos fabricados en las postrimer\u00edas del III Reich y muy perfeccionados. As\u00ed, los tipos U-21 y U-23 eran de gran tama\u00f1o, pero estaban construidos por m\u00f3dulos y pod\u00edan desmontarse para ser trasladados. Los enormes submarinos mercantes del tipo U-10 ten\u00edan gran facilidad para transportar los m\u00f3dulos individuales destinados a construir los anteriores o para que navegasen, desmontados, en su propio seno.<br \/>\nLa \u00fanica explicaci\u00f3n para este misterio supone en nuevas preguntas: \u00bfSer\u00e1n estos barcos desaparecidos los \u201csubmarinos fantasmas\u201d que, desde 1945, son vistos de vez en cuando en el mar? \u00bfDispondr\u00e1n, para esconderse, de bases especiales, protegidas e indetectables, tal vez en el seno de los eternos hielos polares?<br \/>\nAl menos existen fotos que permiten apreciar la identidad entre un \u201csubmarino fantasma\u201d, oficialmente de \u201corigen desconocido\u201d, y un submarino alem\u00e1n tipo U-23.<br \/>\n<strong>Una derrota inexplicable<\/strong><br \/>\nAprovechando el buen clima invernal ant\u00e1rtico, en el invierno de 1946, reci\u00e9n acabada la guerra en Asia, lleg\u00f3 a la Ant\u00e1rtida, bajo el mando del almirante estadounidense Richard Byrd, una importante flota estadounidense. Esta expedici\u00f3n ten\u00eda como nombre clave High Jump (t\u00e9rmino deportivo ingl\u00e9s para designar el salto de altura). Despu\u00e9s de una meticulosa y larga preparaci\u00f3n, el convoy arrib\u00f3 a la Ant\u00e1rtida en febrero de 1947; pero se dio por finalizada apresuradamente el d\u00eda 3 de marzo de ese mismo a\u00f1o. Y en este \u00ednterin, seg\u00fan documentos militares, se perdieron de forma \u201cmisteriosa\u201d varios aviones de combate y hubo \u201cbajas\u201d de marines. No se inform\u00f3 abiertamente, pero parece que actuaron fuerzas misteriosas que repelieron la presencia militar americana e hicieron imposible su asentamiento.<br \/>\nTras cancelar la operaci\u00f3n, repentinamente, el almirante Byrd comunic\u00f3 a la prensa algo sumamente extra\u00f1o y fuera de contexto: \u201cResulta una verdad muy amarga de admitir; pero en caso de un nuevo conflicto b\u00e9lico, podremos ser agredidos por aviones que tienen la capacidad de volar vertiginosamente desde un Polo a otro. Se precisa tomar urgentemente adecuadas medidas de defensa para interceptar a los aviones enemigos que provengan de regiones polares. Especialmente interesa \u2013y se precisa\u2013 circundar la Ant\u00e1rtida de una zona de defensa y seguridad\u00bb.<br \/>\nPodemos concluir, pues, que la invasi\u00f3n del territorio ant\u00e1rtico alem\u00e1n, la \u201cNueva Suabia\u201d, deseado por Estados Unidos como un conveniente \u201cbot\u00edn de guerra\u201d, aparentemente f\u00e1cil de ocupar, result\u00f3 un rotundo fracaso; y es rid\u00edculo creer que \u00e9ste se debiera a un ataque de \u201cping\u00fcinos asesinos\u201d&#8230;<\/p>\n<!-- AddThis Advanced Settings generic via filter on the_content -->\n<!-- AddThis Share Buttons generic via filter on the_content -->\n","protected":false},"excerpt":{"rendered":"<p>Extraterrestres que hablan en alem\u00e1n Un hecho muy concreto, las fotograf\u00edas tomadas por George Adamski en 1952 a un \u201cplatillo volante\u201d, en el que eran&#8230;<\/p>\n<div class=\"more-link-wrapper\"><a class=\"more-link\" href=\"https:\/\/www.gnosisprimordial.com\/?p=1231\">Seguir leyendo<span class=\"screen-reader-text\">Platos voladores con la imagen del Sol Negro y extraterrestres que hablan alem\u00e1n<\/span><\/a><\/div>\n<p><!-- AddThis Advanced Settings generic via filter on wp_trim_excerpt --><br \/>\n<!-- AddThis Share Buttons generic via filter on wp_trim_excerpt --><\/p>\n","protected":false},"author":426,"featured_media":0,"comment_status":"open","ping_status":"closed","sticky":false,"template":"","format":"standard","meta":{"footnotes":""},"categories":[19],"tags":[580,581,579,356,582],"class_list":["post-1231","post","type-post","status-publish","format-standard","hentry","category-contenidos-encontrados-en-internet","tag-extraterrestres","tag-extraterrestres-alemanes","tag-ovnis","tag-sol-negro","tag-submarinos-desaparecidos","entry"],"_links":{"self":[{"href":"https:\/\/www.gnosisprimordial.com\/index.php?rest_route=\/wp\/v2\/posts\/1231","targetHints":{"allow":["GET"]}}],"collection":[{"href":"https:\/\/www.gnosisprimordial.com\/index.php?rest_route=\/wp\/v2\/posts"}],"about":[{"href":"https:\/\/www.gnosisprimordial.com\/index.php?rest_route=\/wp\/v2\/types\/post"}],"author":[{"embeddable":true,"href":"https:\/\/www.gnosisprimordial.com\/index.php?rest_route=\/wp\/v2\/users\/426"}],"replies":[{"embeddable":true,"href":"https:\/\/www.gnosisprimordial.com\/index.php?rest_route=%2Fwp%2Fv2%2Fcomments&post=1231"}],"version-history":[{"count":2,"href":"https:\/\/www.gnosisprimordial.com\/index.php?rest_route=\/wp\/v2\/posts\/1231\/revisions"}],"predecessor-version":[{"id":1234,"href":"https:\/\/www.gnosisprimordial.com\/index.php?rest_route=\/wp\/v2\/posts\/1231\/revisions\/1234"}],"wp:attachment":[{"href":"https:\/\/www.gnosisprimordial.com\/index.php?rest_route=%2Fwp%2Fv2%2Fmedia&parent=1231"}],"wp:term":[{"taxonomy":"category","embeddable":true,"href":"https:\/\/www.gnosisprimordial.com\/index.php?rest_route=%2Fwp%2Fv2%2Fcategories&post=1231"},{"taxonomy":"post_tag","embeddable":true,"href":"https:\/\/www.gnosisprimordial.com\/index.php?rest_route=%2Fwp%2Fv2%2Ftags&post=1231"}],"curies":[{"name":"wp","href":"https:\/\/api.w.org\/{rel}","templated":true}]}}