{"id":1357,"date":"2012-05-07T20:33:54","date_gmt":"2012-05-07T23:33:54","guid":{"rendered":"http:\/\/www.gnosisprimordial.com\/?p=1357"},"modified":"2017-03-16T14:36:35","modified_gmt":"2017-03-16T17:36:35","slug":"tambien-los-superheroes-son-judios","status":"publish","type":"post","link":"https:\/\/www.gnosisprimordial.com\/?p=1357","title":{"rendered":"Tambi\u00e9n los superh\u00e9roes son jud\u00edos"},"content":{"rendered":"<p><span style=\"font-size: 13px; line-height: 19px;\">Los superh\u00e9roes del c\u00f3mic tienen curiosos paralelismos con personajes de la tradici\u00f3n jud\u00eda. \u00bfQui\u00e9n pod\u00eda pensar que el dios escandinavo Thor es el \u00abalter ego\u00bb de Yaakov, padre de las doce tribus? \u00bfO que el incre\u00edble Hulk recuerda mucho a Sans\u00f3n?<\/span><\/p>\n<p>Son demasiados los superh\u00e9roes del c\u00f3mic que fueron concebidos por creativos jud\u00edos. En esa n\u00f3mina est\u00e1n nada menos que Superm\u00e1n, Batman, Spiderman, Los 4 Fant\u00e1sticos, X-Men, Iron Man, Hulk, Thor, Daredevil, Estela Plateada, El Golem, Green Lantern, Sabra, Catwoman, Batwoman, La Liga de la Justicia, Los Vengadores y hasta el mism\u00edsimo Capit\u00e1n Am\u00e9rica.<\/p>\n<p>Sus creadores fueron j\u00f3venes jud\u00edos norteamericanos, hijos de emigrantes europeos, de la talla de Stan Lee, Jack Kirby, Jerry Siegel, Joe Schuster, Bob Kane, Joe Simon, Bill Finger, Martin Nodell, Chris Claremont y otros muchos.<\/p>\n<p>Pero, m\u00e1s all\u00e1 de los superh\u00e9roes, en Francia tambi\u00e9n hay creativos jud\u00edos cuyos personajes son conocidos en todo el mundo. Este es el caso de Ren\u00e9 Goscinny, jud\u00edo de origen polaco guionista de Asterix y Obelix; de Hugo Pratt, autor de Corto Malt\u00e9s, o de Joann Sfar, creador de El gato rabino, Klezmer y Chagall en Rusia.<\/p>\n<p>Ahora, la Biblioteca Provincial de Ja\u00e9n, en Espa\u00f1a, acoge hasta el 16 de abril una exposici\u00f3n sobre la identidad secreta de los Superh\u00e9roes: \u00abSuperh\u00e9roes: Identidad Secreta\u00bb.<\/p>\n<p>\u00abSuperh\u00e9roes: Identidad Secreta\u00bb pone sobre la palestra la afluencia de autores y creativos jud\u00edos en el mundo del c\u00f3mic; adem\u00e1s de la presencia de muchos gui\u00f1os y temas alusivos a la tradici\u00f3n e historia jud\u00eda dentro de las tramas de estas novelas gr\u00e1ficas.<\/p>\n<p>La muestra es una iniciativa de la Delegaci\u00f3n Serafad-Israel en Andaluc\u00eda, con la colaboraci\u00f3n de la Delegaci\u00f3n Provincial de Cultura de la Junta de Andaluc\u00eda y de la Asociaci\u00f3n Vi\u00f1eta 6.<\/p>\n<p>La delegada de Cultura, Mercedes Valenzuela, se\u00f1al\u00f3 en la inauguraci\u00f3n que esta es una exposici\u00f3n que se incluye en las actividades de colaboraci\u00f3n con la Delegaci\u00f3n de Sefarad-Israel, y que adem\u00e1s coincidir\u00e1 en fechas con los actos de la celebraci\u00f3n del D\u00eda del Libro Infantil. La muestra permanecer\u00e1 hasta el pr\u00f3ximo 16 de abril.<\/p>\n<p>Por su parte, la directora de Sefarad-Israel en Andaluc\u00eda, Mercedes Gallego, se\u00f1alaba que este proyecto persigue, al igual que el resto de actividades de la fundaci\u00f3n, el promover la cultura jud\u00eda. \u00abConsideramos &#8211; se\u00f1al\u00f3 &#8211; que esta tem\u00e1tica estaba poco trabajada y era muy desconocida; pues la mayor\u00eda de los autores de estos c\u00f3mics eran hijos de emigrantes jud\u00edos procedentes de Europa\u00bb.<\/p>\n<p>En los or\u00edgenes, muchos de los elementos incluidos en estos c\u00f3mics tienen su referente en la cultura jud\u00eda; de manera que a trav\u00e9s de distintos paneles que se centran en superh\u00e9roes muy conocidos de la novela gr\u00e1fica, se apuntan algunas pinceladas sobre esas referencias.<\/p>\n<p>En la iniciativa colabora tambi\u00e9n la Asociaci\u00f3n Vi\u00f1eta 6 de Ja\u00e9n. Uno de sus representantes, Arturo Molero, afirmaba que \u00abqueremos agradecer la oportunidad que se brinda de mostrar una vez m\u00e1s que el c\u00f3mic es cultura, y su relaci\u00f3n con la misma\u00bb. En su opini\u00f3n, la muestra acerca al p\u00fablico en general a esta influencia de la cultura jud\u00eda en el c\u00f3mic, con detalles que sorprenden a muchos de los que se acercan a visitar la exposici\u00f3n.<\/p>\n<p>Adem\u00e1s, el colectivo colabora en la organizaci\u00f3n de unos talleres &#8211; destinados de manera especial al p\u00fablico infantil donde se les habla de la mitolog\u00eda en la que se basan muchos de los personajes. Del mismo modo, se est\u00e1 preparando una mesa redonda, que se celebrar\u00e1 entre el 10 y el 15 de abril, y que contar\u00e1 con importantes figuras del mundo del c\u00f3mic a nivel nacional e internacional.<\/p>\n<p>La exposici\u00f3n est\u00e1 coproducida por las fundaciones Baruj Spinoza y Sefarad-Israel y se present\u00f3 por primera vez en Expoc\u00f3mic 2011 de Madrid.<\/p>\n<!-- AddThis Advanced Settings generic via filter on the_content -->\n<!-- AddThis Share Buttons generic via filter on the_content -->\n","protected":false},"excerpt":{"rendered":"<p>Los superh\u00e9roes del c\u00f3mic tienen curiosos paralelismos con personajes de la tradici\u00f3n jud\u00eda. \u00bfQui\u00e9n pod\u00eda pensar que el dios escandinavo Thor es el \u00abalter ego\u00bb&#8230;<\/p>\n<div class=\"more-link-wrapper\"><a class=\"more-link\" href=\"https:\/\/www.gnosisprimordial.com\/?p=1357\">Seguir leyendo<span class=\"screen-reader-text\">Tambi\u00e9n los superh\u00e9roes son jud\u00edos<\/span><\/a><\/div>\n<p><!-- AddThis Advanced Settings generic via filter on wp_trim_excerpt --><br \/>\n<!-- AddThis Share Buttons generic via filter on wp_trim_excerpt --><\/p>\n","protected":false},"author":426,"featured_media":0,"comment_status":"open","ping_status":"closed","sticky":false,"template":"","format":"standard","meta":{"footnotes":""},"categories":[19],"tags":[644,643],"class_list":["post-1357","post","type-post","status-publish","format-standard","hentry","category-contenidos-encontrados-en-internet","tag-judaismo","tag-superheroes-judios","entry"],"_links":{"self":[{"href":"https:\/\/www.gnosisprimordial.com\/index.php?rest_route=\/wp\/v2\/posts\/1357","targetHints":{"allow":["GET"]}}],"collection":[{"href":"https:\/\/www.gnosisprimordial.com\/index.php?rest_route=\/wp\/v2\/posts"}],"about":[{"href":"https:\/\/www.gnosisprimordial.com\/index.php?rest_route=\/wp\/v2\/types\/post"}],"author":[{"embeddable":true,"href":"https:\/\/www.gnosisprimordial.com\/index.php?rest_route=\/wp\/v2\/users\/426"}],"replies":[{"embeddable":true,"href":"https:\/\/www.gnosisprimordial.com\/index.php?rest_route=%2Fwp%2Fv2%2Fcomments&post=1357"}],"version-history":[{"count":8,"href":"https:\/\/www.gnosisprimordial.com\/index.php?rest_route=\/wp\/v2\/posts\/1357\/revisions"}],"predecessor-version":[{"id":2329,"href":"https:\/\/www.gnosisprimordial.com\/index.php?rest_route=\/wp\/v2\/posts\/1357\/revisions\/2329"}],"wp:attachment":[{"href":"https:\/\/www.gnosisprimordial.com\/index.php?rest_route=%2Fwp%2Fv2%2Fmedia&parent=1357"}],"wp:term":[{"taxonomy":"category","embeddable":true,"href":"https:\/\/www.gnosisprimordial.com\/index.php?rest_route=%2Fwp%2Fv2%2Fcategories&post=1357"},{"taxonomy":"post_tag","embeddable":true,"href":"https:\/\/www.gnosisprimordial.com\/index.php?rest_route=%2Fwp%2Fv2%2Ftags&post=1357"}],"curies":[{"name":"wp","href":"https:\/\/api.w.org\/{rel}","templated":true}]}}