{"id":1571,"date":"2013-03-18T13:58:10","date_gmt":"2013-03-18T16:58:10","guid":{"rendered":"http:\/\/www.gnosisprimordial.com\/?p=1571"},"modified":"2017-03-16T14:36:35","modified_gmt":"2017-03-16T17:36:35","slug":"bolivar-mason","status":"publish","type":"post","link":"https:\/\/www.gnosisprimordial.com\/?p=1571","title":{"rendered":"Bolivar mas\u00f3n"},"content":{"rendered":"<p><img loading=\"lazy\" decoding=\"async\" class=\"alignnone  wp-image-1572\" src=\"https:\/\/www.gnosisprimordial.com\/wp-content\/uploads\/2013\/03\/Simon-Bolivar_imagelarge.jpg\" alt=\"\" width=\"192\" height=\"213\" srcset=\"https:\/\/www.gnosisprimordial.com\/wp-content\/uploads\/2013\/03\/Simon-Bolivar_imagelarge.jpg 400w, https:\/\/www.gnosisprimordial.com\/wp-content\/uploads\/2013\/03\/Simon-Bolivar_imagelarge-270x300.jpg 270w\" sizes=\"auto, (max-width: 192px) 100vw, 192px\" \/><\/p>\n<p><span style=\"font-size: 13px; line-height: 19px;\">Sim\u00f3n Bol\u00edvar ingres\u00f3 a la Masoner\u00eda a los 21 a\u00f1os, en C\u00e1diz, en su segundo viaje a Europa, en enero de 1804, ya viudo de Mar\u00eda Teresa Toro, despu\u00e9s de ocho meses de su matrimonio.<\/span><\/p>\n<p>Hab\u00eda partido el 23 de octubre de 1803 y permanece tres a\u00f1os y medio en el viejo continente, de donde regresa a mediados de 1807. En sus tres viajes a Europa, en 1799, 1803 y 1810, permaneci\u00f3 all\u00ed algo m\u00e1s de siete a\u00f1os.<\/p>\n<p>C\u00e1diz era un importante centro de actividades mas\u00f3nicas, en cuyas logias hab\u00eda ministros y oficiales de las Secretar\u00edas de Estado. Dada la influencia de la Masoner\u00eda, que ven\u00eda siendo persistentemente denunciada, el Rey de Espa\u00f1a, Fernando VI, la hab\u00eda proscrito en 1751. Men\u00e9ndez y Pelayo cuenta que ya en 1748 hab\u00eda en C\u00e1diz una logia con ochocientos afiliados (Historia de los Heterodoxos Espa\u00f1oles, 1880-1882). En C\u00e1diz, Bol\u00edvar se encuentra con sus t\u00edos Esteban y Pedro y se pone en contacto con los patriotas venezolanos y de las dem\u00e1s colonias americanas C\u00e1diz era el puerto con los mayores nexos de Espa\u00f1a con sus dominios de ultramar y gente importante de todos los continentes se mov\u00eda all\u00ed entre las agitadas actividades comerciales y las influencias de las nuevas ideas. Se trataba de terminar con el poder desp\u00f3tico y evitar que los esfuerzos libertarios siguieran siendo indefinidamente postergados. Una concepci\u00f3n que las logias mas\u00f3nicas alentaban con sostenida visi\u00f3n.<\/p>\n<p>A partir de su ingreso a la Orden Mas\u00f3nica, Bol\u00edvar lleva una vida muy activa e intensa en C\u00e1diz y, luego, en Par\u00eds, hasta buena parte de 1807. L\u00facido y visionario como era, penetr\u00f3 y bebi\u00f3 r\u00e1pida e intensamente la doctrina mas\u00f3nica, ya muy desarrollada en el Viejo Continente. En la primavera de 1804 llega a Par\u00eds y participa activamente en la Logia San Alejandro de Escocia, en su sede del boulevard Poissoni\u00e9re, donde reitera sus juramentos de fidelidad al sistema republicano \u201ccomo el m\u00e1s conveniente al Gobierno de las Am\u00e9ricas\u201d. Las reuniones ordinarias se celebraban el primer y tercer mi\u00e9rcoles de cada mes.<\/p>\n<p>Militares y m\u00e9dicos eran los profesionales m\u00e1s abundantes, si bien, tambi\u00e9n, se registraban, en buen n\u00famero, cient\u00edficos, abogados, propietarios y varios artistas. Incluso hab\u00eda miembros de la Legi\u00f3n de Honor como lo se\u00f1ala la escritora francesa Gilette Saurat en su biograf\u00eda sobre Bol\u00edvar, de acuerdo con documentos que se conservan en la Biblioteca Nacional de Par\u00eds. El historiador Ram\u00f3n D\u00edaz S\u00e1nchez adquiri\u00f3 en Par\u00eds el documento manuscrito, en lengua francesa, relativo a la recepci\u00f3n mas\u00f3nica de Sim\u00f3n Bol\u00edvar en el Grado de Compa\u00f1ero, y que entreg\u00f3 en propiedad, el 1\u00ba de octubre de 1956, al Supremo Consejo del Grado 33 de Venezuela. La recepci\u00f3n de Bol\u00edvar tuvo lugar, seg\u00fan el Diploma, \u201cel und\u00e9cimo d\u00eda del und\u00e9cimo mes del a\u00f1o de la Gran Luz 5805\u2033, es decir el 11 de noviembre de 1805.<\/p>\n<p>El joven criollo dio entonces las gracias a los asistentes \u201cen un franc\u00e9s fluido y elegante\u201d mientras sus hermanos de la Logia, puestos de pie, lanzaron la triple aclamaci\u00f3n tradicional de \u00a1huz\u00e9!, \u00a1huz\u00e9!, \u00a1huz\u00e9! (\u00a1viva, viva, viva!) No era extra\u00f1o, porque el general Guillermo Miller, que trat\u00f3 a Bol\u00edvar en el Per\u00fa en 1823-1825, recuerda que ten\u00eda una voz gruesa y \u00e1spera, que hablaba elocuentemente y, sobre todo, se distingu\u00eda en improvisar contestaciones \u201celegantes y adecuadas\u201d.<\/p>\n<p>Antes de terminar el a\u00f1o de 1806, en fecha que no ha sido posible precisar, Bol\u00edvar era promovido al \u00faltimo de los tres grados simb\u00f3licos de la Masoner\u00eda, el de Maestro, tal como figura en un folleto publicado por esa logia. Entre su iniciaci\u00f3n mas\u00f3nica en C\u00e1diz y su asistencia a la Logia en Par\u00eds, Bol\u00edvar viaja por Europa. El d\u00eda en que Francia aclamaba delirante a Napole\u00f3n, estaba en Par\u00eds, en un apartamento en la rue Saint Honor\u00e9, por donde pas\u00f3 el cortejo; fue el d\u00eda en que el Papa P\u00edo VII coloca sobre la cabeza de Napole\u00f3n, en la Iglesia de Notre Dame, el 2 de diciembre de 1804, la corona de Emperador. \u201cGrande fue \u2013dijo\u2013 la aclamaci\u00f3n personal y el inter\u00e9s que despertaba su persona.<\/p>\n<p><img loading=\"lazy\" decoding=\"async\" class=\"alignnone  wp-image-1574\" src=\"https:\/\/www.gnosisprimordial.com\/wp-content\/uploads\/2013\/03\/mandilycollarin.jpg\" alt=\"\" width=\"480\" height=\"222\" srcset=\"https:\/\/www.gnosisprimordial.com\/wp-content\/uploads\/2013\/03\/mandilycollarin.jpg 600w, https:\/\/www.gnosisprimordial.com\/wp-content\/uploads\/2013\/03\/mandilycollarin-300x139.jpg 300w\" sizes=\"auto, (max-width: 480px) 100vw, 480px\" \/><\/p>\n<p><em>Mandil y collarin mas\u00f3nicos pertenecientes a Sim\u00f3n Bolivar<\/em>.<\/p>\n<!-- AddThis Advanced Settings generic via filter on the_content -->\n<!-- AddThis Share Buttons generic via filter on the_content -->\n","protected":false},"excerpt":{"rendered":"<p>Sim\u00f3n Bol\u00edvar ingres\u00f3 a la Masoner\u00eda a los 21 a\u00f1os, en C\u00e1diz, en su segundo viaje a Europa, en enero de 1804, ya viudo de&#8230;<\/p>\n<div class=\"more-link-wrapper\"><a class=\"more-link\" href=\"https:\/\/www.gnosisprimordial.com\/?p=1571\">Seguir leyendo<span class=\"screen-reader-text\">Bolivar mas\u00f3n<\/span><\/a><\/div>\n<p><!-- AddThis Advanced Settings generic via filter on wp_trim_excerpt --><br \/>\n<!-- AddThis Share Buttons generic via filter on wp_trim_excerpt --><\/p>\n","protected":false},"author":426,"featured_media":0,"comment_status":"open","ping_status":"closed","sticky":false,"template":"","format":"standard","meta":{"footnotes":""},"categories":[1],"tags":[744,745,196,748,747,749,197,741,746],"class_list":["post-1571","post","type-post","status-publish","format-standard","hentry","category-articulos","tag-bolivar","tag-bolivar-mason","tag-masoneria","tag-masoneria-latinoamerica","tag-masoneria-rio-de-la-plata","tag-masoneria-venezuela","tag-masones","tag-simon-bolivar","tag-simon-bolivar-mason","entry"],"_links":{"self":[{"href":"https:\/\/www.gnosisprimordial.com\/index.php?rest_route=\/wp\/v2\/posts\/1571","targetHints":{"allow":["GET"]}}],"collection":[{"href":"https:\/\/www.gnosisprimordial.com\/index.php?rest_route=\/wp\/v2\/posts"}],"about":[{"href":"https:\/\/www.gnosisprimordial.com\/index.php?rest_route=\/wp\/v2\/types\/post"}],"author":[{"embeddable":true,"href":"https:\/\/www.gnosisprimordial.com\/index.php?rest_route=\/wp\/v2\/users\/426"}],"replies":[{"embeddable":true,"href":"https:\/\/www.gnosisprimordial.com\/index.php?rest_route=%2Fwp%2Fv2%2Fcomments&post=1571"}],"version-history":[{"count":4,"href":"https:\/\/www.gnosisprimordial.com\/index.php?rest_route=\/wp\/v2\/posts\/1571\/revisions"}],"predecessor-version":[{"id":1588,"href":"https:\/\/www.gnosisprimordial.com\/index.php?rest_route=\/wp\/v2\/posts\/1571\/revisions\/1588"}],"wp:attachment":[{"href":"https:\/\/www.gnosisprimordial.com\/index.php?rest_route=%2Fwp%2Fv2%2Fmedia&parent=1571"}],"wp:term":[{"taxonomy":"category","embeddable":true,"href":"https:\/\/www.gnosisprimordial.com\/index.php?rest_route=%2Fwp%2Fv2%2Fcategories&post=1571"},{"taxonomy":"post_tag","embeddable":true,"href":"https:\/\/www.gnosisprimordial.com\/index.php?rest_route=%2Fwp%2Fv2%2Ftags&post=1571"}],"curies":[{"name":"wp","href":"https:\/\/api.w.org\/{rel}","templated":true}]}}