{"id":1885,"date":"2014-04-10T13:42:39","date_gmt":"2014-04-10T16:42:39","guid":{"rendered":"http:\/\/www.gnosisprimordial.com\/?p=1885"},"modified":"2017-03-16T14:37:04","modified_gmt":"2017-03-16T17:37:04","slug":"el-papa-defiende-a-los-criminales-no-a-sus-victimas","status":"publish","type":"post","link":"https:\/\/www.gnosisprimordial.com\/?p=1885","title":{"rendered":"El papa defiende a los criminales, no a sus v\u00edctimas"},"content":{"rendered":"<p><em><strong>El papa Francisco, impactado: \u201cSent\u00ed las patadas en el alma\u201d<\/strong><\/em><\/p>\n<p>En una carta, expres\u00f3 un en\u00e9rgico rechazo a la violencia y a la justicia por mano propia. Qued\u00f3 conmovido por la muerte de un joven en Rosario que hab\u00eda robado una cartera. Ayer hubo m\u00e1s casos.<\/p>\n<p><span style=\"font-size: 13px;\">David Moreira, de Rosario. Ten\u00eda 18 a\u00f1os. Lo se\u00f1alaron como el ladr\u00f3n de una cartera, lo atropellaron y lo mataron a golpes. De este caso opin\u00f3 el Papa.<\/span><\/p>\n<p><span style=\"font-size: 13px;\">09\/04\/14<\/span><\/p>\n<p>Es el amor de una mujer el que anima al labrador a enfrentarse con el tirano. Nunca hab\u00eda sucedido algo as\u00ed en Fuente Ovejuna, pueblo malacostumbrado a perder la dignidad frente a los caprichos del comendador, imparable en su deseo de ejercer el derecho de pernada sobre las doncellas del lugar. Pero ella es todo para el campesino, que logra protegerla de un primer ataque del poderoso, erecto en su virilidad, pero fruncido en su intentona, porque el enamorado lo tiene apuntado con la ballesta. Es la escena que dispara\u00a0<strong>una tragedia social<\/strong>. Llegar\u00e1 el castigo para los insumisos. Para \u00e9l, la c\u00e1rcel y la sombra de una soga. Para ella, la violaci\u00f3n brutal. El pueblo de los humillados estalla de furia. Los pobres arman la venganza y deciden hacer\u00a0<strong>justicia por mano propia<\/strong>.<\/p>\n<p>Seis siglos despu\u00e9s de ese instante, luego recogido por F\u00e9lix Lope de Vega en la obra teatral\u00a0<em>\u201cComedia famosa de Fuente Ovejuna\u201d<\/em>\u00a0, el papa Francisco record\u00f3 ese relato de\u00a0<strong>rebeli\u00f3n y barbarie<\/strong>\u00a0cuando se enter\u00f3 de los linchamientos en la Argentina, que\u00a0<strong>mataron a algunos ladrones pero multiplicaron la cantidad de asesinos<\/strong>.<\/p>\n<p>Le hab\u00edan contado el caso de Rosario, donde un joven de 18 a\u00f1os fue molido a golpes por 50 vecinos que lo acusaron de haberle robado el bolso a una mujer. David Moreira fue reconocido por un tatuaje en el tobillo que se hab\u00eda hecho en enero, con las iniciales de los nombres de sus tres hermanos.<\/p>\n<p><strong>\u201cMe doli\u00f3 la escena. Fuenteovejuna, me dije. Sent\u00eda las patadas en el alma\u201d<\/strong>, escribi\u00f3 el Papa en un carta a los hermanos Rodolfo y Carlos Luna, dos humanistas que viven en Suecia pero est\u00e1n atentos a lo que sacude a la Argentina.<\/p>\n<p>El mensaje de Francisco contiene una profunda reflexi\u00f3n contra la violencia y advierte que toda la sociedad est\u00e1 involucrada en el drama de la justicia por mano propia, que desde la Navidad registra\u00a0<strong>24 episodios y nueve muertes<\/strong>\u00a0de los presuntos delincuentes.<\/p>\n<p>Ayer, en Callao y Posadas, Recoleta, un ladr\u00f3n fue encerrado y golpeado hasta que intervino la polic\u00eda. Otro motochorro fue liberado en C\u00f3rdoba y un joven apareci\u00f3 con\u00a0<strong>la cara deformada<\/strong>\u00a0por los golpes en Posadas, Misiones. Los atacantes justifican su accionar en lo que consideran una \u201causencia del Estado\u201d ante la inseguridad.<\/p>\n<p>David Moreira fue golpeado el 22 de marzo y muri\u00f3 a los tres d\u00edas. No ten\u00eda antecedentes policiales. Trabajaba entre ladrillos y suelas, como pe\u00f3n de alba\u00f1il y en una f\u00e1brica de calzado. No le alcanzaba la plata. Estudi\u00f3 hasta donde pudo, segundo a\u00f1o de la secundaria, que es obligatoria hasta quinto.<\/p>\n<p><strong>\u201cNo era un marciano, era un muchacho de nuestro pueblo\u201d<\/strong>, escribi\u00f3 Francisco en su carta, inspirada en un David derrotado por Goliat.<\/p>\n<p><strong>\u201cMe acord\u00e9 de Jes\u00fas; \u00bfqu\u00e9 dir\u00eda si estuviera de \u00e1rbitro all\u00ed?: el que est\u00e9 sin pecado que d\u00e9 la primera patada\u201d<\/strong>.<\/p>\n<p>Francisco se puso en la piel del chico que aparece en una foto desarticulado como un mu\u00f1eco, sangrante como la v\u00edctima de una guerra, al lado de una moto que lo mira como un toro arrollador. Lo expres\u00f3 as\u00ed:\u00a0<strong>\u201cMe dol\u00eda todo, me dol\u00eda el cuerpo del pibe, me dol\u00eda el coraz\u00f3n de los que pateaban\u201d.<\/strong><\/p>\n<p>\u201cPens\u00e9 que\u00a0<strong>a ese chico lo hicimos nosotros, creci\u00f3 entre nosotros, se educ\u00f3 entre nosotros. \u00bfQu\u00e9 cosa fall\u00f3?<\/strong><\/p>\n<p>\u201d, pregunt\u00f3 el Papa, sin las respuestas, o quiz\u00e1s con todas, porque desde que conduce la Iglesia ha planteado que el delito no se combate con revanchas ni barrotes, sino con inclusi\u00f3n social, con una casa por familia, con comida, y sin sumisi\u00f3n a la \u201ctiran\u00eda del dinero\u201d.<\/p>\n<p>Jorge Bergoglio fue profesor de literatura espa\u00f1ola en Santa Fe, en 1964 y 1965. Tuvo los cl\u00e1sicos a mano y Lope de Vega fue uno de ellos, no por la perfecci\u00f3n de su m\u00e9trica ni la riqueza de sus sonetos, sino por el relato social que abarcaba.<\/p>\n<p>&#8211;\u00a0<em>\u201d\u00bfQu\u00e9 es lo que quieres t\u00fa que el pueblo intente?<\/em><\/p>\n<p><em>-Morir, o dar muerte a los tiranos, pues somos muchos, y ellos poca gente\u201d<\/em>\u00a0, dice la p\u00e1gina de Fuente Ovejuna donde el pueblo se subleva y dictamina:\u00a0<em>\u201c\u00a1A la venganza vamos!\u201d<\/em>\u00a0.<\/p>\n<p>A la incitaci\u00f3n se suma Laurencia, la joven amada por Frondoso y vejada por Fern\u00e1n G\u00f3mez, el comendador mayor de la Orden de Calatrava:\u00a0<em>\u201c\u00bfQu\u00e9 dagas no v\u00ed en mi pecho?<\/em><\/p>\n<p><em>qu\u00e9 palabras, qu\u00e9 amenazas, y qu\u00e9 delitos atroces por rendir mi castidad a sus apetitos torpes\u201d<\/em>\u00a0.<\/p>\n<p>Hoy no hay versos, pero s\u00ed\u00a0<strong>carteles, an\u00f3nimos<\/strong>, que por ejemplo advierten:\u00a0<strong><em>\u201cA toda persona que se le sorprenda cometiendo alg\u00fan delito, ser\u00e1 enjuiciado por el pueblo, por no contar con seguridad municipal\u201d<\/em><\/strong>\u00a0\u00f3\u00a0<strong><em>\u201cRatero, si te agarramos, no vas a ir a la comisar\u00eda \u00a1\u00a1Te vamos a linchar!!\u201d<\/em><\/strong>. El cardenal Mario Polli se preocup\u00f3: \u201cHay muchos signos de muerte en Argentina. Los cristianos no debemos agregar\u00a0<strong>ni una gota de violencia<\/strong>\u00a0a esta situaci\u00f3n\u201d.<\/p>\n<p>Hay un p\u00e1rrafo final en la carta de Francisco, donde se\u00f1ala, por el linchamiento de David, que \u201clo peor que nos puede pasar es olvidarnos de la escena. Y que el Se\u00f1or nos d\u00e9 la gracia de poder llorar &#8230;,\u00a0<strong>llorar por el muchacho delincuente, llorar tambi\u00e9n por nosotros<\/strong>\u00a0\u201d. Anoche,\u00a0<strong>Clar\u00edn<\/strong>\u00a0le ley\u00f3 la carta a Lorena Torres, la mam\u00e1 de David: \u201cSiento el mismo dolor que Francisco, un hombre de buen coraz\u00f3n. Porque nadie puede ser asesinado as\u00ed, sea inocente o culpable\u201d.<\/p>\n<p><span style=\"font-size: 13px;\"><strong>Fuente:<\/strong> <em>Pablo Calvo (Clar\u00edn)<\/em><\/span><\/p>\n<!-- AddThis Advanced Settings generic via filter on the_content -->\n<!-- AddThis Share Buttons generic via filter on the_content -->\n","protected":false},"excerpt":{"rendered":"<p>El papa Francisco, impactado: \u201cSent\u00ed las patadas en el alma\u201d En una carta, expres\u00f3 un en\u00e9rgico rechazo a la violencia y a la justicia por&#8230;<\/p>\n<div class=\"more-link-wrapper\"><a class=\"more-link\" href=\"https:\/\/www.gnosisprimordial.com\/?p=1885\">Seguir leyendo<span class=\"screen-reader-text\">El papa defiende a los criminales, no a sus v\u00edctimas<\/span><\/a><\/div>\n<p><!-- AddThis Advanced Settings generic via filter on wp_trim_excerpt --><br \/>\n<!-- AddThis Share Buttons generic via filter on wp_trim_excerpt --><\/p>\n","protected":false},"author":426,"featured_media":0,"comment_status":"closed","ping_status":"closed","sticky":false,"template":"","format":"standard","meta":{"footnotes":""},"categories":[19],"tags":[813,815,766,814,166],"class_list":["post-1885","post","type-post","status-publish","format-standard","hentry","category-contenidos-encontrados-en-internet","tag-criminales","tag-delincuentes","tag-jesuitas","tag-ladrones","tag-papa","entry"],"_links":{"self":[{"href":"https:\/\/www.gnosisprimordial.com\/index.php?rest_route=\/wp\/v2\/posts\/1885","targetHints":{"allow":["GET"]}}],"collection":[{"href":"https:\/\/www.gnosisprimordial.com\/index.php?rest_route=\/wp\/v2\/posts"}],"about":[{"href":"https:\/\/www.gnosisprimordial.com\/index.php?rest_route=\/wp\/v2\/types\/post"}],"author":[{"embeddable":true,"href":"https:\/\/www.gnosisprimordial.com\/index.php?rest_route=\/wp\/v2\/users\/426"}],"replies":[{"embeddable":true,"href":"https:\/\/www.gnosisprimordial.com\/index.php?rest_route=%2Fwp%2Fv2%2Fcomments&post=1885"}],"version-history":[{"count":3,"href":"https:\/\/www.gnosisprimordial.com\/index.php?rest_route=\/wp\/v2\/posts\/1885\/revisions"}],"predecessor-version":[{"id":1899,"href":"https:\/\/www.gnosisprimordial.com\/index.php?rest_route=\/wp\/v2\/posts\/1885\/revisions\/1899"}],"wp:attachment":[{"href":"https:\/\/www.gnosisprimordial.com\/index.php?rest_route=%2Fwp%2Fv2%2Fmedia&parent=1885"}],"wp:term":[{"taxonomy":"category","embeddable":true,"href":"https:\/\/www.gnosisprimordial.com\/index.php?rest_route=%2Fwp%2Fv2%2Fcategories&post=1885"},{"taxonomy":"post_tag","embeddable":true,"href":"https:\/\/www.gnosisprimordial.com\/index.php?rest_route=%2Fwp%2Fv2%2Ftags&post=1885"}],"curies":[{"name":"wp","href":"https:\/\/api.w.org\/{rel}","templated":true}]}}