{"id":2051,"date":"2014-12-18T14:30:05","date_gmt":"2014-12-18T17:30:05","guid":{"rendered":"http:\/\/www.gnosisprimordial.com\/?p=2051"},"modified":"2014-12-22T14:36:39","modified_gmt":"2014-12-22T17:36:39","slug":"chavez-murio-el-29-de-diciembre-de-2012-en-cuba","status":"publish","type":"post","link":"https:\/\/www.gnosisprimordial.com\/?p=2051","title":{"rendered":"Ch\u00e1vez muri\u00f3 el 29 de diciembre de 2012 en Cuba"},"content":{"rendered":"<p style=\"text-align: justify;\"><img loading=\"lazy\" decoding=\"async\" class=\"alignnone wp-image-2059 size-full\" src=\"https:\/\/www.gnosisprimordial.com\/wp-content\/uploads\/2014\/12\/hugo-e1419269753894.jpg\" alt=\"\" width=\"570\" height=\"313\" \/><\/p>\n<p style=\"text-align: justify;\"><strong><em>Fuentes de inteligencia de los EEUU produjeron el siguiente informe que relata la macabra utilizaci\u00f3n del cad\u00e1ver y el vaciamiento de las reservas de Venezuela.<\/em><\/strong><\/p>\n<ul>\n<li style=\"text-align: justify;\">El cuerpo del Presidente de Venezuela fallecido en Cuba el 29 de diciembre de 2012 a las 4 y 45 pm, y posteriormente embalsamado el 3 de enero 2013 a un costo de 880 mil d\u00f3lares por los embalsamadores italianos los Scorfino, fue trasladado en secreto desde Cuba a la capilla ardiente de la Academia Militar directo v\u00eda aeropuerto de la Carlota el d\u00eda 5 a las 4m, en vuelo de avi\u00f3n de las FAB y en otro venia su familia y no como se anunci\u00f3 que fue al hospital militar el 18 de febrero. As\u00ed lo se\u00f1alan fuentes de la inteligencia estadounidense y francesa proveniente de las estaciones de Jamaica y Granadinas<\/li>\n<li style=\"text-align: justify;\">El coche con el falso f\u00e9retro de Ch\u00e1vez recorri\u00f3 las calles de Caracas rumbo a la Academia Militar durante m\u00e1s de siete horas, durante el largo cortejo f\u00fanebre del mi\u00e9rcoles, los venezolanos que llenaron las calles de Caracas lloraron ante un f\u00e9retro en el que no iba el cuerpo del embalsamado Hugo Ch\u00e1vez.<\/li>\n<li style=\"text-align: justify;\">Es la versi\u00f3n de varios altos oficiales activos militares del Ej\u00e9rcito conocedores del dispositivo de traslado, que aseguran que el cad\u00e1ver del presidente venezolano fue transportado de Cuba a Fuerte Tiuna, en el complejo de Defensa donde se encuentra la Academia Militar. El \u00abcambiazo\u00bb se produjo en el s\u00f3tano de esa instituci\u00f3n, cuando lleg\u00f3 all\u00ed el falso f\u00e9retro al t\u00e9rmino de la procesi\u00f3n. Fue el \u00fanico momento en que las c\u00e1maras de televisi\u00f3n lo perdieron de vista.<\/li>\n<li style=\"text-align: justify;\">La versi\u00f3n de esos altos oficiales militares, comunicada por ellos mismos al diario ABC de Madrid a petici\u00f3n de mantener su anonimato, confirma adem\u00e1s la informaci\u00f3n ya avanzada por este diario de que Ch\u00e1vez muri\u00f3 en Cuba y no en Caracas, como insiste el Gobierno venezolano.<\/li>\n<li style=\"text-align: justify;\">El enga\u00f1o de la procesi\u00f3n supone un nuevo montaje del Gobierno, sum\u00e1ndose a la larga lista de mentiras con que el chavismo ha llenado los \u00faltimos meses de vida de su l\u00edder. En realidad, el objetivo no era tanto burlar al pueblo, como su utilizaci\u00f3n pol\u00edtica. \u00abQuer\u00edan mostrar un ba\u00f1o de multitudes con un claro inter\u00e9s pol\u00edtico, todo trazado desde La Habana permitiendo que la gente pudiera hasta tocar el f\u00e9retro, el falso, sin poner en riesgo la integridad f\u00edsica del verdadero; no iban permitir que este, por lo que fuera, se cayera, cuando adem\u00e1s parte de su estructura interna es de vidrio\u00bb, indica una de las personas al tanto de las circunstancias del traslado.<\/li>\n<li style=\"text-align: justify;\">De hecho, seg\u00fan destacan igualmente fuentes del MOSSAD, servicio secreto israelita, tras producirse el cambio en el s\u00f3tano de la Academia Militar, la seguridad alrededor del ata\u00fad pas\u00f3 a ser estricta, sin que se permitiera acercarse a nadie de la manera en que hab\u00eda ocurrido durante la marcha. A partir de ah\u00ed todo pas\u00f3 a ser solemne, sin el desorden populista visto en el recorrido por la ciudad.<\/li>\n<li style=\"text-align: justify;\">Estaba tambi\u00e9n la necesidad de la conservaci\u00f3n del cad\u00e1ver. Someterlo a siete horas al calor de Caracas, a 29-30 grados Celsius cuando ten\u00eda que ser expuesto al p\u00fablico durante varios d\u00edas antes de su sepultura, no era lo m\u00e1s aconsejable.<\/li>\n<li style=\"text-align: justify;\">Despu\u00e9s de que Ch\u00e1vez embalsamado hacia 72 d\u00edas en La Habana, como ya devel\u00f3 ABC de Madrid, el cad\u00e1ver del presidente fue llevado por la noche del 5 de marzo al aeropuerto venezolano de La Carlota, la Base A\u00e9rea General\u00edsimo Francisco de Miranda, seg\u00fan aseguran los militares informantes. La Carlota est\u00e1 en el interior de al este de la capital Caracas, m\u00e1s cerca de Fuerte Tiuna que el aeropuerto internacional de Maiquet\u00eda. De all\u00ed fue conducido al Hospitalito Vicente Sal\u00edas, el centro m\u00e9dico de ese complejo castrense, en el que se encuentra el Ministerio de Defensa. Su nombre se debe al menor tama\u00f1o comparado con el Hospital Militar, situado a unos 7 kil\u00f3metros, en otro lado de la ciudad. A unos doscientos metros del Hospitalito est\u00e1 la Academia Militar.<\/li>\n<li style=\"text-align: justify;\">En el Hospitalito, que posee una morgue, se abri\u00f3 el f\u00e9retro, se revis\u00f3 el estado en que hab\u00eda llegado el cuerpo tras el vuelo y se concluy\u00f3 la labor de vestirlo con el uniforme verde con boina roja militar luego de un fuerte incidente entre Maduro y la familia. En alg\u00fan momento del mi\u00e9rcoles el ata\u00fad fue transportado al s\u00f3tano de la Academia Militar.<\/li>\n<li style=\"text-align: justify;\">Un f\u00e9retro similar, vac\u00edo o con alg\u00fan peso en su interior con un maniqu\u00ed facs\u00edmil con careta, fue llevado al Hospital Militar, de donde el mi\u00e9rcoles por la ma\u00f1ana parti\u00f3 la procesi\u00f3n popular. Cuando \u00e9sta lleg\u00f3 a la Academia, durante un rato las televisivas perdieron de vista el ata\u00fad.<\/li>\n<li style=\"text-align: justify;\">La excusa fue que hab\u00eda que adecentar el f\u00e9retro, como quitarle las flores y otras cosas que el pueblo hab\u00eda arrojado o reposicionar la bandera que lo cubr\u00eda. El que surgi\u00f3 de nuevo ante las c\u00e1maras, no ya sobre la plataforma de un coche f\u00fanebre, sino a hombros de militares y otras autoridades, era el ata\u00fad verdadero, que luego se abrir\u00eda en la capilla ardiente.<\/li>\n<li style=\"text-align: justify;\">En el \u00ednterin, en privado, un reducido grupo de personas especialmente allegadas -la familia y probablemente los presidentes de Argentina, Bolivia y Uruguay, presentes tambi\u00e9n luego en la ceremonia p\u00fablica celebrada en esa Academia Militar- tuvieron un acto \u00edntimo.<\/li>\n<li style=\"text-align: justify;\">Aunque la televisi\u00f3n venezolana no mostr\u00f3 ning\u00fan plano cercano del f\u00e9retro cuando \u00e9ste fue abierto para el adi\u00f3s p\u00fablico, diversas personas que acudieron a despedirse de los restos del presidente indicaron que lo hab\u00edan visto ligeramente hinchado y sin pelo, nada que ver con las falsas fotograf\u00edas difundidas por el Gobierno hace tres semanas.<\/li>\n<li style=\"text-align: justify;\">Es importante que el pueblo de ese pa\u00eds, Venezuela, sepa que el 17 de octubre de 2012 una vez que el presidente Ch\u00e1vez fue informado en la Habana luego de someter a ex\u00e1menes rigurosos, que le restaban unos cercanos 60 d\u00edas de vida, trasport\u00f3 13 toneladas de oro de las reservas del Banco Central de ese pa\u00eds, Venezuela, que fueron transportados en un avi\u00f3n ruso que parti\u00f3 del aeropuerto de la Carlota a las 6am del d\u00eda 20 de octubre hasta el aeropuerto de Rancho Boyero en Cuba. Y adem\u00e1s sacaron de las reservas del Internacionales 20.000 millones de d\u00f3lares americanos que fueron depositados en el Banco Central de Cuba. De all\u00ed que las reservas de ese pa\u00eds, Venezuela, apenas disponen de 1.200 millones y por ello la restricci\u00f3n de divisas para importar necesidades b\u00e1sicas de alimentos, medicinas, autopartes, reactivos para laboratorios y equipos m\u00e9dicos que genera una grave situaci\u00f3n alimentaria causa del desabastecimiento severo que sufre ese pa\u00eds en estos alimentos que amenaza con implosionar una situaci\u00f3n de vastas proporciones en los pr\u00f3ximos tres meses.<\/li>\n<\/ul>\n<p><strong>Fuente:<\/strong>\u00a0<a href=\"http:\/\/informadorpublico.com\/author\/alexis-di-capo\/\">Alexis Di Capo<\/a><\/p>\n<!-- AddThis Advanced Settings generic via filter on the_content -->\n<!-- AddThis Share Buttons generic via filter on the_content -->\n","protected":false},"excerpt":{"rendered":"<p>Fuentes de inteligencia de los EEUU produjeron el siguiente informe que relata la macabra utilizaci\u00f3n del cad\u00e1ver y el vaciamiento de las reservas de Venezuela.&#8230;<\/p>\n<div class=\"more-link-wrapper\"><a class=\"more-link\" href=\"https:\/\/www.gnosisprimordial.com\/?p=2051\">Seguir leyendo<span class=\"screen-reader-text\">Ch\u00e1vez muri\u00f3 el 29 de diciembre de 2012 en Cuba<\/span><\/a><\/div>\n<p><!-- AddThis Advanced Settings generic via filter on wp_trim_excerpt --><br \/>\n<!-- AddThis Share Buttons generic via filter on wp_trim_excerpt --><\/p>\n","protected":false},"author":426,"featured_media":0,"comment_status":"open","ping_status":"closed","sticky":false,"template":"","format":"standard","meta":{"footnotes":""},"categories":[19],"tags":[876,875,874],"class_list":["post-2051","post","type-post","status-publish","format-standard","hentry","category-contenidos-encontrados-en-internet","tag-chavez","tag-comandante","tag-muerte","entry"],"_links":{"self":[{"href":"https:\/\/www.gnosisprimordial.com\/index.php?rest_route=\/wp\/v2\/posts\/2051","targetHints":{"allow":["GET"]}}],"collection":[{"href":"https:\/\/www.gnosisprimordial.com\/index.php?rest_route=\/wp\/v2\/posts"}],"about":[{"href":"https:\/\/www.gnosisprimordial.com\/index.php?rest_route=\/wp\/v2\/types\/post"}],"author":[{"embeddable":true,"href":"https:\/\/www.gnosisprimordial.com\/index.php?rest_route=\/wp\/v2\/users\/426"}],"replies":[{"embeddable":true,"href":"https:\/\/www.gnosisprimordial.com\/index.php?rest_route=%2Fwp%2Fv2%2Fcomments&post=2051"}],"version-history":[{"count":5,"href":"https:\/\/www.gnosisprimordial.com\/index.php?rest_route=\/wp\/v2\/posts\/2051\/revisions"}],"predecessor-version":[{"id":2062,"href":"https:\/\/www.gnosisprimordial.com\/index.php?rest_route=\/wp\/v2\/posts\/2051\/revisions\/2062"}],"wp:attachment":[{"href":"https:\/\/www.gnosisprimordial.com\/index.php?rest_route=%2Fwp%2Fv2%2Fmedia&parent=2051"}],"wp:term":[{"taxonomy":"category","embeddable":true,"href":"https:\/\/www.gnosisprimordial.com\/index.php?rest_route=%2Fwp%2Fv2%2Fcategories&post=2051"},{"taxonomy":"post_tag","embeddable":true,"href":"https:\/\/www.gnosisprimordial.com\/index.php?rest_route=%2Fwp%2Fv2%2Ftags&post=2051"}],"curies":[{"name":"wp","href":"https:\/\/api.w.org\/{rel}","templated":true}]}}