{"id":2125,"date":"2015-04-21T14:16:44","date_gmt":"2015-04-21T17:16:44","guid":{"rendered":"http:\/\/www.gnosisprimordial.com\/?p=2125"},"modified":"2015-04-21T14:16:44","modified_gmt":"2015-04-21T17:16:44","slug":"del-nacionalismo-a-la-nacion-del-espiritu","status":"publish","type":"post","link":"https:\/\/www.gnosisprimordial.com\/?p=2125","title":{"rendered":"Del nacionalismo a la naci\u00f3n del esp\u00edritu"},"content":{"rendered":"<p style=\"text-align: justify;\"><em>Por Ivlak <\/em><\/p>\n<p style=\"text-align: justify;\">Nuestra patria est\u00e1 subsumida en una oscuridad terrible donde impera el individualismo, el hedonismo y estamos todos entregados a la percepci\u00f3n del mundo sensible, inclusive aquellos altruistas o en el orden pol\u00edtico los idealismos.<\/p>\n<p style=\"text-align: justify;\">El pueblo argentino ha tenido una esperanza con el General Per\u00f3n, pero ella se esfum\u00f3 y su nombre es ultrajado por la clase m\u00e1s rancia y ap\u00e1trida.<\/p>\n<p style=\"text-align: justify;\">Si hacemos una menci\u00f3n hacia atr\u00e1s observamos que el peronismo evolucion\u00f3 del Radicalismo Irigoyenista (FORJA) como eje central, siendo confluencia de la doctrina social de la Iglesia (pues las reformas laborales que pregonaba el Diputado Socialista De Tomaso las aplic\u00f3 el General, pero son un extracto de las Leyes de Indias de 1594).<\/p>\n<p style=\"text-align: justify;\">El radicalismo original tiene una gran herencia del Rosismo y el federalismo dado los principios que buscaban. Es cierto que eran principios democr\u00e1ticos, pero estos eran para no dejar al pueblo que lo siguieran vendiendo por una clase burguesa-terrateniente.<\/p>\n<p style=\"text-align: justify;\">El Rosismo hereda lo que queda de la hispanidad humanista, pues lo que han tenido en com\u00fan estos movimientos fue la defensa de la soberan\u00eda, que si bien no en todos significa una soberan\u00eda popular, significa s\u00ed una soberan\u00eda para el pueblo (capaz que no del pueblo).<\/p>\n<p style=\"text-align: justify;\">Esa herencia hisp\u00e1nica humanista se ve plasmada en las leyes de Indias bajo el reinado de Felipe II en 1594 donde los indios no pod\u00edan trabajar mas de 8 hs por d\u00eda, un d\u00eda a la semana ten\u00edan descanso y 15 d\u00edas al a\u00f1o; como as\u00ed tambi\u00e9n no pod\u00edan trabajar en las horas de m\u00e1s sol. Se suma a esto que en Las Espa\u00f1as el aborigen americano era considerado hombre por la mayor\u00eda de los pensadores, aunque es cierto que se lo tomaba como ni\u00f1os que hab\u00eda que proteger. Pero en el resto de Europa eran considerados animales. Tanto por la Europa Cat\u00f3lica y sobre todo por la protestante.<\/p>\n<p style=\"text-align: justify;\">Pero tenemos que dejar claro en el concepto de Las Espa\u00f1as que es el verdadero nombre de la uni\u00f3n de pueblos \u00edberos, con la escisi\u00f3n de Portugal. Pero cuando se constituyen se incorpora Am\u00e9rica como provincias de Castilla, y los hombres nacidos en el nuevo continente eran ciudadanos de las Espa\u00f1as, pero esta tambi\u00e9n es producto del Islam que se retira y a su vez de la lucha contra el Islam, pero que sin darse cuenta lo llevar\u00e1 para siempre en el inconciente colectivo. \u00bfPor qu\u00e9?<\/p>\n<p style=\"text-align: justify;\">Durante la Edad Media el Al-Andaluz era una regi\u00f3n de un fuerte misticismo isl\u00e1mico donde dio uno de los mas grandes que fue IBN ARABI. En los a\u00f1os que viv\u00eda el gn\u00f3stico de Andaluc\u00eda, hab\u00eda otro gn\u00f3stico isl\u00e1mico chiita en Persia, SOHRABARDI. Sin quedar esto as\u00ed, en la Europa del Norte de Espa\u00f1a y el Sur de Francia surgi\u00f3 como por arte de magia la herej\u00eda C\u00e1tara.<\/p>\n<p style=\"text-align: justify;\">El catarismo era una especie de manique\u00edsmo cristianizado, donde Jehov\u00e1-Sat\u00e1n era el dios creador del mundo y el Cristos-Lucifer fue el enviado del dios incognoscible para dejar en el hombre el recuerdo y que se libere del mundo sensible.<\/p>\n<p style=\"text-align: justify;\">Pero hay algo m\u00e1s que son las leyendas del Santo Grial donde en el vaso se encuentra la sangre del Cristos. Tal vaso se hizo con la esmeralda ca\u00edda del cielo de la corona de Lucifer. O sea as\u00ed como el Cristo muri\u00f3 en la cruz, que representa el tiempo y el espacio del mundo sensible, siendo interpretado que tuvo que ingresar en el mundo ilusorio de Sat\u00e1n, tambi\u00e9n Lucifer dej\u00f3 lo mas preciado de su corona que era esa diadema y la deposit\u00f3 en la tierra para el hombre.<\/p>\n<p style=\"text-align: justify;\">\u00bfPero qui\u00e9n es Lucifer o qu\u00e9 representa este \u00e1ngel supuesto, que aparece en Isaias una sola vez? Lucifer es el F\u00f3sforo griego, tambi\u00e9n para los romanos es la estrella Venus al amanecer. Cuando se ve a Venus est\u00e1 avisando que viene la luz del d\u00eda. Por tal es la luz mas potente de la noche, es el sol de la noche, el sol negro representado por 12 rayos. No por nada asociada a la diosa del amor, y tambi\u00e9n tiene relaci\u00f3n con la guerra, pues es pareja de Apolo. (lo femenino que le falta al hombre, pero como sustrato y no como elemento sensible).<\/p>\n<p style=\"text-align: justify;\">F\u00f3sforo en la mitolog\u00eda griega es Prometeo, y en el poema m\u00e1s antiguo que es el Prometeo Encadenado, de Hes\u00edodo, explica que el Tit\u00e1n entrega el fuego ol\u00edmpico a los hombres, luego que se lo hab\u00eda robado a los dioses, para que recuerde el hombre su origen divino. Asociado a los mitos \u00f3rficos el hombre est\u00e1 hecho de la materia que qued\u00f3 de los Titanes luego del combate, siendo estos de esencia ur\u00e1nica.<\/p>\n<p style=\"text-align: justify;\">Urano es el dios anterior a Cronos, el tiempo (que tambi\u00e9n se lo puede interpretar como un estado de conciencia). Urano no es el cosmos (este es la multitud de estrellas aparentes), tampoco el universo (pues viene de una versi\u00f3n, todo es una misma esencia), el cielo es la noche oscura, tenebrosa, pero de ah\u00ed surge el ni\u00f1o-sol negro luego de pasar por los 6 cielos y hacer los 12 trabajos de H\u00e9rcules (liberador de Prometeo).<\/p>\n<p style=\"text-align: justify;\">Tenemos un Cronos que genera el mundo sensible y un Urano que es nuestro origen incognoscible desde lo sensible, y por el acontecimiento b\u00e9lico entre titanes y ol\u00edmpicos, solo lograr\u00e1 el hombre la liberaci\u00f3n a trav\u00e9s de la lucha en todos los aspectos. Aqu\u00ed traer\u00e9 la expresi\u00f3n del General San Mart\u00edn: \u201cEn el campo de batalla hay que vencer al peor enemigo, uno mismo\u201d.<\/p>\n<p style=\"text-align: justify;\">Me extend\u00ed para notar el origen del concepto del Cristos Lucifer C\u00e1taro, idea asociada al mito de la caverna de Plat\u00f3n. Pero adentr\u00e1ndonos al tema del grial, que ha sido el mito de la herej\u00eda, tenemos que el grial es una piedra negra que cay\u00f3 del cielo, similitud con la Kaaba del Islam. Es c\u00fabica, otra similitud.<\/p>\n<p style=\"text-align: justify;\">El rey enfermo es Arturo que se asocia a la Osa polar y por ende al Polo, el Eje. En el misticismo isl\u00e1mico el Polo es el m\u00e1ximo grado que un hombre puede tener, llega a su equilibrio total, siendo eje.<\/p>\n<p style=\"text-align: justify;\">El libro El Islam y el Grial menciona mayores similitudes, pudiendo observar que el padre de la caballer\u00eda Isl\u00e1mica ha sido Ali (de donde surge la shiia), donde la caballer\u00eda cristiana tuvo contacto con la caballer\u00eda shiita porque ten\u00edan un enemigo com\u00fan que eran los sunitas. De este contacto se deduce el contacto con el manique\u00edsmo (que es de origen persa). Los caballeros de la mesa redonda eran 12 con su rey y entre ellos hab\u00eda uno que ten\u00eda que hacer la gran obra, el Parsifal. En el shiismo hay doce imanes m\u00e1s el Profeta Muhammed y el \u00faltimo im\u00e1n el Mahd\u00ed (el iman oculto) el que tiene que hacer el \u00faltimo trabajo para establecer el Reino celestial \u00bfcomo en el mito griego ur\u00e1nico?<\/p>\n<p style=\"text-align: justify;\">Muchas similitudes entre el gnosticismo persa\/shii isl\u00e1mico, la herej\u00eda c\u00e1tara y el paganismo griego.<\/p>\n<p style=\"text-align: justify;\">Recordando que en el catarismo el Dios es reconocido como incognoscible se encuentra una similitud con el Islam. Allah no puede ser asociado, o sea no se lo puede definir, pues es el \u00fanico pecado no perdonable, es lo \u00fanico real y el shaitan es el ilusionista. Allah en el shiismo no puede ser antropomorfo. Por lo tanto se podr\u00eda decir que es incognoscible a trav\u00e9s de la sensibilidad.<\/p>\n<p style=\"text-align: justify;\">Todo esto implica que lo real no es lo que percibimos, pero lo que percibimos nos afecta y queremos despegarnos. Como el mundo nos atacar\u00e1 producto de las personas y los animales que solo buscan satisfacer sus deseos o instintos, debemos defendernos. Lo natural es que nos agrupemos entre los que buscamos un mismo camino y no por intereses, que tras ellos van los que se quieren quedar en el mundo sensible.<\/p>\n<p style=\"text-align: justify;\">Esta concepci\u00f3n no puede generar apetencias econ\u00f3micas, ni pol\u00edticas, ni usar una creencia para establecer un gobierno, a tal efecto no puede generar la codicia del materialismo sea filos\u00f3fico o econ\u00f3mico. Este es el origen del aut\u00e9ntico humanismo. Relaci\u00f3n entre hombres basadas en el honor en pos del incognoscible teniendo sus pistas a trav\u00e9s de los que lograron liberarse.<\/p>\n<p style=\"text-align: justify;\">Para lograr tal fin esa comunidad necesita un espacio dado que no ha podido vencer el mundo sensible, ese espacio es la Patria y esa comunidad podr\u00eda ser la Naci\u00f3n.<\/p>\n<p style=\"text-align: justify;\">Volviendo a la constituci\u00f3n de las Espa\u00f1as vemos que en el inconciente colectivo de la hispanidad se encuentran los elementos fundamentales del misticismo isl\u00e1mico, sea por Andaluc\u00eda, sea por el cristianismo her\u00e9tico. Eso es lo que corre por la sangre et\u00e9rica del hombre hispano, europeo o americano.<\/p>\n<p style=\"text-align: justify;\">Hoy vemos un mundo isl\u00e1mico en proceso ca\u00f3tico y una hispanidad sometida a la tiran\u00eda de los vicios, las ataduras a lo sensible y dividida (aunque con intentos de unidad).<\/p>\n<p style=\"text-align: justify;\">La hispanidad sudamericana puede encontrar su revoluci\u00f3n interior a trav\u00e9s de la lucha por la Ant\u00e1rtica, hacia el fr\u00edo que es el hacedor de hombres fuertes con voluntad principal, emanaci\u00f3n del esp\u00edritu (y quiz\u00e1s aflore de su inconciente colectivo el elemento de liberaci\u00f3n).<\/p>\n<p style=\"text-align: justify;\">Bajo el concepto de integraci\u00f3n sudamericana se logra el paraguas de la isla sudamericana, bajo el concepto del pa\u00eds llave de la Ant\u00e1rtica, el Cono Sur.<\/p>\n<p style=\"text-align: justify;\">Pero las Espa\u00f1as europeas tienen una posibilidad, ser el nexo entre Am\u00e9rica y el mundo mediterr\u00e1neo si asume ser la heredera de Tartesos, el gnosticismo cristiano her\u00e9tico y el misticismo isl\u00e1mico de origen Persa. Tierra de misterios. La Uni\u00f3n Atl\u00e1ntico-Mediterranea bajo la gnosis Persa. La aut\u00e9ntica nacionalidad.<\/p>\n<p style=\"text-align: justify;\">Luego de todo lo expuesto volviendo al tiempo presente veo en el Nacional Justicialismo, su doctrina, la posibilidad de evoluci\u00f3n a principios m\u00e1s sublimes. \u00bfPor qu\u00e9? Es innegable el humanismo y su visi\u00f3n trascendente del mundo, pues el General Per\u00f3n lo defin\u00eda como un Socialismo Nacional y Cristiano. Con este \u00faltimo concepto denota la trascendencia antropol\u00f3gica.<\/p>\n<p style=\"text-align: justify;\">Claro que ha tenido cosas no honorables, pero la actualizaci\u00f3n a un movimiento pol\u00edtico encasillado en la cuarta teor\u00eda pol\u00edtica, volviendo a ser la metaf\u00edsica el centro de lo pol\u00edtico y la econom\u00eda subordinada a esta.<\/p>\n<p style=\"text-align: justify;\">\u00bfY donde est\u00e1 dicha actualizaci\u00f3n? Sin dudas se tiene que dar en el campo de lo metaf\u00edsico, donde el arquetipo pagano heroico reviva actualizado, el cristianismo medieval reviva actualizado y buscando en el inconciente colectivo hisp\u00e1nico.<\/p>\n<p style=\"text-align: justify;\">Las Espa\u00f1as representan a un mundo de naciones bajo el Principio de la liberaci\u00f3n del mundo sensible.<\/p>\n<!-- AddThis Advanced Settings generic via filter on the_content -->\n<!-- AddThis Share Buttons generic via filter on the_content -->\n","protected":false},"excerpt":{"rendered":"<p>Por Ivlak Nuestra patria est\u00e1 subsumida en una oscuridad terrible donde impera el individualismo, el hedonismo y estamos todos entregados a la percepci\u00f3n del mundo&#8230;<\/p>\n<div class=\"more-link-wrapper\"><a class=\"more-link\" href=\"https:\/\/www.gnosisprimordial.com\/?p=2125\">Seguir leyendo<span class=\"screen-reader-text\">Del nacionalismo a la naci\u00f3n del esp\u00edritu<\/span><\/a><\/div>\n<p><!-- AddThis Advanced Settings generic via filter on wp_trim_excerpt --><br \/>\n<!-- AddThis Share Buttons generic via filter on wp_trim_excerpt --><\/p>\n","protected":false},"author":426,"featured_media":0,"comment_status":"open","ping_status":"closed","sticky":false,"template":"","format":"standard","meta":{"footnotes":""},"categories":[1,797],"tags":[262,14,911,916,912,799,321,906,907,909,902,915,908,910,913,178,356,914],"class_list":["post-2125","post","type-post","status-publish","format-standard","hentry","category-articulos","category-articulos-mas-leidos","tag-cristo","tag-espiritu","tag-federalismo","tag-hesiodo","tag-islam","tag-lucifer","tag-maniqueismo","tag-nacionalismo","tag-patria","tag-peron","tag-peronismo","tag-prometeo","tag-radicalismo","tag-rosismo","tag-santo-grial","tag-satan","tag-sol-negro","tag-venus","entry"],"_links":{"self":[{"href":"https:\/\/www.gnosisprimordial.com\/index.php?rest_route=\/wp\/v2\/posts\/2125","targetHints":{"allow":["GET"]}}],"collection":[{"href":"https:\/\/www.gnosisprimordial.com\/index.php?rest_route=\/wp\/v2\/posts"}],"about":[{"href":"https:\/\/www.gnosisprimordial.com\/index.php?rest_route=\/wp\/v2\/types\/post"}],"author":[{"embeddable":true,"href":"https:\/\/www.gnosisprimordial.com\/index.php?rest_route=\/wp\/v2\/users\/426"}],"replies":[{"embeddable":true,"href":"https:\/\/www.gnosisprimordial.com\/index.php?rest_route=%2Fwp%2Fv2%2Fcomments&post=2125"}],"version-history":[{"count":1,"href":"https:\/\/www.gnosisprimordial.com\/index.php?rest_route=\/wp\/v2\/posts\/2125\/revisions"}],"predecessor-version":[{"id":2126,"href":"https:\/\/www.gnosisprimordial.com\/index.php?rest_route=\/wp\/v2\/posts\/2125\/revisions\/2126"}],"wp:attachment":[{"href":"https:\/\/www.gnosisprimordial.com\/index.php?rest_route=%2Fwp%2Fv2%2Fmedia&parent=2125"}],"wp:term":[{"taxonomy":"category","embeddable":true,"href":"https:\/\/www.gnosisprimordial.com\/index.php?rest_route=%2Fwp%2Fv2%2Fcategories&post=2125"},{"taxonomy":"post_tag","embeddable":true,"href":"https:\/\/www.gnosisprimordial.com\/index.php?rest_route=%2Fwp%2Fv2%2Ftags&post=2125"}],"curies":[{"name":"wp","href":"https:\/\/api.w.org\/{rel}","templated":true}]}}