{"id":221,"date":"2008-11-13T10:01:49","date_gmt":"2008-11-13T13:01:49","guid":{"rendered":"http:\/\/www.gnosisprimordial.com\/?p=221"},"modified":"2019-10-29T15:17:18","modified_gmt":"2019-10-29T18:17:18","slug":"el-fantasma-de-la-opera","status":"publish","type":"post","link":"https:\/\/www.gnosisprimordial.com\/?p=221","title":{"rendered":"El Fantasma de la \u00d3pera"},"content":{"rendered":"<p>\u00bfPor qu\u00e9 su \u00e9xito extraordinario?<\/p>\n<p>Basada en la novela hom\u00f3nima de Gast\u00f3n Leroux, iniciado franc\u00e9s del siglo XIX. Tanto la novela como la versi\u00f3n musical de Lloyd Weber tuvieron un \u00e9xito extraordinario, ahora veremos por qu\u00e9.<\/p>\n<p>La obra se desarrolla en el Teatro de la \u00d3pera de Par\u00eds. En los subsuelos del teatro, habita secretamente un ser proveniente de un pa\u00eds muy lejano, la India. Su rostro produce horror en quienes lo contemplan, por eso lo oculta bajo una m\u00e1scara. \u00c9l mismo vive oculto en los subsuelos del teatro y a trav\u00e9s de un peque\u00f1o orificio puede contemplar todas las obras que se representan en el teatro sin ser visto. Eximio compositor y m\u00fasico, percibe las injusticias y los errores que se cometen en la selecci\u00f3n de cantantes y en la ejecuci\u00f3n de las obras musicales. \u00c9l no puede modificar esa realidad porque est\u00e1 encerrado, aislado del mundo exterior. Luego descubre entre varias int\u00e9rpretes a la mujer que podr\u00eda ser su compa\u00f1era capaz de ayudarlo en el cambio profundo al que aspira. A esta mujer \u00e9l seducir\u00e1 y conducir\u00e1 a sus aposentos ocultos en lo m\u00e1s profundo del teatro.<\/p>\n<p>El teatro, con sus operetas y payasadas representa al mundo de Maya en que transcurren sus tristes vidas los hombres dormidos. El hombre com\u00fan y corriente no sospecha que en lo m\u00e1s profundo y oculto de su alma existe un ser proveniente tambi\u00e9n de un pa\u00eds muy lejano, y al cual es muy dificil conocer y m\u00e1s a\u00fan comunicarse. Este ser es el Esp\u00edritu, increado y eterno, que vive como un fantasma en el interior del alma del hombre. El Esp\u00edritu est\u00e1 encadenado, no puede influir sobre el alma, ni sobre el cuerpo, ni sobre el mundo exterior. En el mejor de los casos podr\u00eda contemplar el demencial infierno de Maya a trav\u00e9s de un peque\u00f1o orificio, como el fantasma de la \u00d3pera. Su sola visi\u00f3n produce horror, pues le recuerda al hombre que el alma y el cuerpo son mortales y desaparecer\u00e1n, as\u00ed como todo lo creado. Solo el Esp\u00edritu es increado y eterno.<\/p>\n<p>En esta obra, la protagonista descubre la existencia de su Esp\u00edritu y la posibilidad de descender a los abismos profundos donde \u00e9l se encuentra, para unirse a \u00e9l. En el Musical de Lloyd Weber quedan bien especificadas las diferencias entre el Esp\u00edritu y el alma.<\/p>\n<p>Tambi\u00e9n es descrito el r\u00edo interior y secreto que seg\u00fan Nimrod de Rosario es necesario remontar para hallar al Gran Antepasado: el Esp\u00edritu. En el final, percibamos los tres elementos clave dentro de la barca: el Fantasma (el Esp\u00edritu), la cantante (compa\u00f1era t\u00e1ntrica) y la calavera (el pas\u00fa asesinado por kali).<\/p>\n<p>Este es el drama del hombre, estas son las posibilidades del hombre, cada uno decidir\u00e1 qu\u00e9 camino tomar y cu\u00e1l ser\u00e1 su destino.<\/p>\n<p><iframe loading=\"lazy\" src=\"https:\/\/player.vimeo.com\/video\/368607988\" width=\"640\" height=\"480\" frameborder=\"0\" allow=\"autoplay; fullscreen\" allowfullscreen=\"\"><\/iframe><\/p>\n<!-- AddThis Advanced Settings generic via filter on the_content -->\n<!-- AddThis Share Buttons generic via filter on the_content -->\n","protected":false},"excerpt":{"rendered":"<p>\u00bfPor qu\u00e9 su \u00e9xito extraordinario? Basada en la novela hom\u00f3nima de Gast\u00f3n Leroux, iniciado franc\u00e9s del siglo XIX. Tanto la novela como la versi\u00f3n musical&#8230;<\/p>\n<div class=\"more-link-wrapper\"><a class=\"more-link\" href=\"https:\/\/www.gnosisprimordial.com\/?p=221\">Seguir leyendo<span class=\"screen-reader-text\">El Fantasma de la \u00d3pera<\/span><\/a><\/div>\n<p><!-- AddThis Advanced Settings generic via filter on wp_trim_excerpt --><br \/>\n<!-- AddThis Share Buttons generic via filter on wp_trim_excerpt --><\/p>\n","protected":false},"author":426,"featured_media":0,"comment_status":"closed","ping_status":"open","sticky":false,"template":"","format":"standard","meta":{"footnotes":""},"categories":[1,18],"tags":[13,14,17,16,12,11,15],"class_list":["post-221","post","type-post","status-publish","format-standard","hentry","category-articulos","category-videos","tag-alma","tag-espiritu","tag-gaston-leroux","tag-gran-antepasado","tag-hombres-dormidos","tag-maya","tag-rio-interior","entry"],"_links":{"self":[{"href":"https:\/\/www.gnosisprimordial.com\/index.php?rest_route=\/wp\/v2\/posts\/221","targetHints":{"allow":["GET"]}}],"collection":[{"href":"https:\/\/www.gnosisprimordial.com\/index.php?rest_route=\/wp\/v2\/posts"}],"about":[{"href":"https:\/\/www.gnosisprimordial.com\/index.php?rest_route=\/wp\/v2\/types\/post"}],"author":[{"embeddable":true,"href":"https:\/\/www.gnosisprimordial.com\/index.php?rest_route=\/wp\/v2\/users\/426"}],"replies":[{"embeddable":true,"href":"https:\/\/www.gnosisprimordial.com\/index.php?rest_route=%2Fwp%2Fv2%2Fcomments&post=221"}],"version-history":[{"count":12,"href":"https:\/\/www.gnosisprimordial.com\/index.php?rest_route=\/wp\/v2\/posts\/221\/revisions"}],"predecessor-version":[{"id":3099,"href":"https:\/\/www.gnosisprimordial.com\/index.php?rest_route=\/wp\/v2\/posts\/221\/revisions\/3099"}],"wp:attachment":[{"href":"https:\/\/www.gnosisprimordial.com\/index.php?rest_route=%2Fwp%2Fv2%2Fmedia&parent=221"}],"wp:term":[{"taxonomy":"category","embeddable":true,"href":"https:\/\/www.gnosisprimordial.com\/index.php?rest_route=%2Fwp%2Fv2%2Fcategories&post=221"},{"taxonomy":"post_tag","embeddable":true,"href":"https:\/\/www.gnosisprimordial.com\/index.php?rest_route=%2Fwp%2Fv2%2Ftags&post=221"}],"curies":[{"name":"wp","href":"https:\/\/api.w.org\/{rel}","templated":true}]}}