{"id":2360,"date":"2016-08-17T15:32:42","date_gmt":"2016-08-17T18:32:42","guid":{"rendered":"http:\/\/www.gnosisprimordial.com\/?p=2360"},"modified":"2016-08-17T15:34:41","modified_gmt":"2016-08-17T18:34:41","slug":"los-curas-del-papa-francisco-siguen-apoyando-a-los-marxistas","status":"publish","type":"post","link":"https:\/\/www.gnosisprimordial.com\/?p=2360","title":{"rendered":"Los curas del Papa Francisco siguen apoyando a los marxistas"},"content":{"rendered":"<p><strong>Sacerdotes cercanos al papa Francisco, en huelga de hambre en Plaza de Mayo por Milagro Sala<\/strong><\/p>\n<p class=\"x_MsoNormal\">Los sacerdotes Eduardo de la Serna y Francisco Paco Oliveira, indentificados con el kirchnerismo, encabezan la protesta<\/p>\n<p class=\"x_MsoNormal\">Se llaman Eduardo de la Serna y Francisco Paco Oliveira, se identifican con el kirchnerismo y participan de\u00a0la corriente teol\u00f3gico-pol\u00edtica Sacerdotes en Opci\u00f3n por los Pobres. Tienen cercan\u00eda con el papa Francisco y habitualmente expresan posiciones extremas contra el gobierno del PRO y a favor del kirchnerismo. De hecho, De la Serna fue uno de los pocos dirigentes que se\u00a0<a href=\"http:\/\/www.infobae.com\/2016\/05\/11\/1810846-un-cura-kirchnerista-le-pidio-la-renuncia-mauricio-macri\/\" target=\"_blank\">anim\u00f3 a pedir, p\u00fablicamente y sin rodeos, la renuncia del presidente Mauricio Macri<\/a>.<\/p>\n<p class=\"x_MsoNormal\">\u00abSi yo pudiera hablar con el Presidente, le dir\u00eda que renuncie si tiene un poco de dignidad, porque los Panam\u00e1 Papers lo est\u00e1n escrachando demasiado, y otros que tuvieron un poco m\u00e1s de dignidad que \u00e9l ya se fueron\u00bb, plante\u00f3 De la Serna en una entrevista radial en mayo de este a\u00f1o.<\/p>\n<p class=\"x_MsoNormal\">El religioso y un grupo de dirigentes kirchneristas\u00a0decidieron llevar a la Plaza de Mayo su reclamo por Milagro Sala,\u00a0la jefa de la organizaci\u00f3n Tupac Amaru detenida por presunta\u00a0malversaci\u00f3n de fondos y amenazas.A la protesta se sumar\u00e1n Alejandro Garfagnini, militante de la Tupac Amaru, que fue se\u00f1alado por la diputada Mabel Balconte de ser el nexo de esa organizaci\u00f3n con La C\u00e1mpora. Tambi\u00e9n estar\u00e1 el padre Francisco Paco Oliveira, que estuvo con\u00a0<a href=\"http:\/\/www.infobae.com\/2016\/04\/19\/1805566-cristina-kirchner-se-reunio-un-grupo-curas\/\" target=\"_blank\">Cristina Kirchner en la visita que hizo a la Isla Maciel.<\/a><\/p>\n<p class=\"x_MsoNormal\">As\u00ed, De la Serna, Oliveira, Garfagnini, y\u00a0Gumercinda Gim\u00e9nez Vald\u00e9z, integrante de\u00a0las Madres Contra la Violencia Institucional, iniciaron desde la madrugada una huelga de hambre y un acampe y, desde las 9, reclamar\u00e1n la excarcelaci\u00f3n de Sala en conferencia de prensa.<\/p>\n<p class=\"x_MsoNormal\">La jefa de la Tupac Amaru est\u00e1 presa desde\u00a0el pasado 16 de enero acusada de \u00abasociaci\u00f3n il\u00edcita\u00bb y de manejos turbios de cientos de millones de pesos destinados a obras p\u00fablicas que no se realizaron. Tambi\u00e9n se la investiga por amenazas.<\/p>\n<p class=\"x_MsoNormal\">Fuente: Infobae<\/p>\n<!-- AddThis Advanced Settings generic via filter on the_content -->\n<!-- AddThis Share Buttons generic via filter on the_content -->\n","protected":false},"excerpt":{"rendered":"<p>Sacerdotes cercanos al papa Francisco, en huelga de hambre en Plaza de Mayo por Milagro Sala Los sacerdotes Eduardo de la Serna y Francisco Paco&#8230;<\/p>\n<div class=\"more-link-wrapper\"><a class=\"more-link\" href=\"https:\/\/www.gnosisprimordial.com\/?p=2360\">Seguir leyendo<span class=\"screen-reader-text\">Los curas del Papa Francisco siguen apoyando a los marxistas<\/span><\/a><\/div>\n<p><!-- AddThis Advanced Settings generic via filter on wp_trim_excerpt --><br \/>\n<!-- AddThis Share Buttons generic via filter on wp_trim_excerpt --><\/p>\n","protected":false},"author":426,"featured_media":0,"comment_status":"open","ping_status":"closed","sticky":false,"template":"","format":"standard","meta":{"footnotes":""},"categories":[1],"tags":[965,331,129,964],"class_list":["post-2360","post","type-post","status-publish","format-standard","hentry","category-articulos","tag-kirchernismo","tag-marx","tag-marxismo","tag-papa-francisco","entry"],"_links":{"self":[{"href":"https:\/\/www.gnosisprimordial.com\/index.php?rest_route=\/wp\/v2\/posts\/2360","targetHints":{"allow":["GET"]}}],"collection":[{"href":"https:\/\/www.gnosisprimordial.com\/index.php?rest_route=\/wp\/v2\/posts"}],"about":[{"href":"https:\/\/www.gnosisprimordial.com\/index.php?rest_route=\/wp\/v2\/types\/post"}],"author":[{"embeddable":true,"href":"https:\/\/www.gnosisprimordial.com\/index.php?rest_route=\/wp\/v2\/users\/426"}],"replies":[{"embeddable":true,"href":"https:\/\/www.gnosisprimordial.com\/index.php?rest_route=%2Fwp%2Fv2%2Fcomments&post=2360"}],"version-history":[{"count":1,"href":"https:\/\/www.gnosisprimordial.com\/index.php?rest_route=\/wp\/v2\/posts\/2360\/revisions"}],"predecessor-version":[{"id":2361,"href":"https:\/\/www.gnosisprimordial.com\/index.php?rest_route=\/wp\/v2\/posts\/2360\/revisions\/2361"}],"wp:attachment":[{"href":"https:\/\/www.gnosisprimordial.com\/index.php?rest_route=%2Fwp%2Fv2%2Fmedia&parent=2360"}],"wp:term":[{"taxonomy":"category","embeddable":true,"href":"https:\/\/www.gnosisprimordial.com\/index.php?rest_route=%2Fwp%2Fv2%2Fcategories&post=2360"},{"taxonomy":"post_tag","embeddable":true,"href":"https:\/\/www.gnosisprimordial.com\/index.php?rest_route=%2Fwp%2Fv2%2Ftags&post=2360"}],"curies":[{"name":"wp","href":"https:\/\/api.w.org\/{rel}","templated":true}]}}