{"id":2383,"date":"2016-10-25T14:57:55","date_gmt":"2016-10-25T17:57:55","guid":{"rendered":"http:\/\/www.gnosisprimordial.com\/?p=2383"},"modified":"2016-10-26T14:26:45","modified_gmt":"2016-10-26T17:26:45","slug":"merecido-homenaje-en-el-colegio-militar-a-los-caidos-en-la-lucha-contra-la-guerrilla-marxista","status":"publish","type":"post","link":"https:\/\/www.gnosisprimordial.com\/?p=2383","title":{"rendered":"Merecido homenaje en el Colegio Militar a los ca\u00eddos en la lucha contra la guerrilla marxista"},"content":{"rendered":"<p style=\"text-align: justify;\">Descubrieron una plaqueta al cumplirse 50 a\u00f1os del egreso del capit\u00e1n H\u00e9ctor C\u00e1ceres, fallecido durante un combate contra miembros del ERP en la selva tucumana, en 1975. \u201cFue un acto muy emotivo\u201d, dijo el teniente coronel (R) Guillermo Nani a Infobae<\/p>\n<p style=\"text-align: justify;\"><img loading=\"lazy\" decoding=\"async\" class=\"alignnone wp-image-2384 size-full\" src=\"https:\/\/www.gnosisprimordial.com\/wp-content\/uploads\/2016\/10\/placa.jpg\" alt=\"placa\" width=\"600\" height=\"337\" srcset=\"https:\/\/www.gnosisprimordial.com\/wp-content\/uploads\/2016\/10\/placa.jpg 600w, https:\/\/www.gnosisprimordial.com\/wp-content\/uploads\/2016\/10\/placa-300x168.jpg 300w\" sizes=\"auto, (max-width: 600px) 100vw, 600px\" \/><\/p>\n<p style=\"text-align: justify;\"><strong>El homenaje se realiz\u00f3 en el Colegio Militar de la Naci\u00f3n<\/strong><\/p>\n<p style=\"text-align: justify;\">La promoci\u00f3n 97 del Colegio Militar de la Naci\u00f3n descubri\u00f3 una plaqueta conmemorativa al cumplirse 50 a\u00f1os del egreso del capit\u00e1n H\u00e9ctor C\u00e1ceres, fallecido a manos del ERP (Ej\u00e9rcito Revolucionario del Pueblo) en el Combate R\u00edo Pueblo Viejo, durante el Operativo Independencia, en la provincia de Tucum\u00e1n, el 14 de febrero de 1975.<\/p>\n<p style=\"text-align: justify;\">Durante el acto \u2013que se desarroll\u00f3 el viernes 14 de octubre en instalaciones del Colegio Militar\u2013 estuvo presente uno de los hijos de C\u00e1ceres. Adem\u00e1s, se homenaje\u00f3 al capit\u00e1n Carlos Mar\u00eda Casagrande, quien tambi\u00e9n falleci\u00f3 combatiendo a \u00abla guerrilla marxista en la selva tucumana\u00bb, seg\u00fan surge del texto de la placa.<\/p>\n<p style=\"text-align: justify;\">Tanto C\u00e1ceres como Casagrande integran la lista de los 70 miembros de las Fuerzas Armadas que murieron mientras enfrentaban a los integrantes de la compa\u00f1\u00eda de Monte Ram\u00f3n Rosa Jim\u00e9nez pertenecientes al ERP y comandada por el propio Mario Roberto Santucho, l\u00edder de dicha organizaci\u00f3n armada.<\/p>\n<p style=\"text-align: justify;\">La placa tambi\u00e9n hace menci\u00f3n al teniente coronel Emilio Guillermo Nani, quien fuera gravemente herido durante la Guerra de Malvinas y en el combate de la Tablada, el 23 de enero de 1989. \u00abFue un acto muy emotivo\u00bb, dijo Nani \u2013compa\u00f1ero de promoci\u00f3n de C\u00e1ceres\u2013 en di\u00e1logo con Infobae.<\/p>\n<p style=\"text-align: justify;\">Seg\u00fan pudo saber este medio, la plaqueta conmemorativa a\u00fan no fue colocada y se est\u00e1 analizando en qu\u00e9 lugar quedar\u00e1 emplazada definitivamente.<\/p>\n<p style=\"text-align: justify;\">\n<!-- AddThis Advanced Settings generic via filter on the_content -->\n<!-- AddThis Share Buttons generic via filter on the_content -->\n","protected":false},"excerpt":{"rendered":"<p>Descubrieron una plaqueta al cumplirse 50 a\u00f1os del egreso del capit\u00e1n H\u00e9ctor C\u00e1ceres, fallecido durante un combate contra miembros del ERP en la selva tucumana,&#8230;<\/p>\n<div class=\"more-link-wrapper\"><a class=\"more-link\" href=\"https:\/\/www.gnosisprimordial.com\/?p=2383\">Seguir leyendo<span class=\"screen-reader-text\">Merecido homenaje en el Colegio Militar a los ca\u00eddos en la lucha contra la guerrilla marxista<\/span><\/a><\/div>\n<p><!-- AddThis Advanced Settings generic via filter on wp_trim_excerpt --><br \/>\n<!-- AddThis Share Buttons generic via filter on wp_trim_excerpt --><\/p>\n","protected":false},"author":426,"featured_media":0,"comment_status":"open","ping_status":"closed","sticky":false,"template":"","format":"standard","meta":{"footnotes":""},"categories":[19],"tags":[975,974,891],"class_list":["post-2383","post","type-post","status-publish","format-standard","hentry","category-contenidos-encontrados-en-internet","tag-colegio-militar","tag-erp","tag-fuerzas-armadas","entry"],"_links":{"self":[{"href":"https:\/\/www.gnosisprimordial.com\/index.php?rest_route=\/wp\/v2\/posts\/2383","targetHints":{"allow":["GET"]}}],"collection":[{"href":"https:\/\/www.gnosisprimordial.com\/index.php?rest_route=\/wp\/v2\/posts"}],"about":[{"href":"https:\/\/www.gnosisprimordial.com\/index.php?rest_route=\/wp\/v2\/types\/post"}],"author":[{"embeddable":true,"href":"https:\/\/www.gnosisprimordial.com\/index.php?rest_route=\/wp\/v2\/users\/426"}],"replies":[{"embeddable":true,"href":"https:\/\/www.gnosisprimordial.com\/index.php?rest_route=%2Fwp%2Fv2%2Fcomments&post=2383"}],"version-history":[{"count":4,"href":"https:\/\/www.gnosisprimordial.com\/index.php?rest_route=\/wp\/v2\/posts\/2383\/revisions"}],"predecessor-version":[{"id":2388,"href":"https:\/\/www.gnosisprimordial.com\/index.php?rest_route=\/wp\/v2\/posts\/2383\/revisions\/2388"}],"wp:attachment":[{"href":"https:\/\/www.gnosisprimordial.com\/index.php?rest_route=%2Fwp%2Fv2%2Fmedia&parent=2383"}],"wp:term":[{"taxonomy":"category","embeddable":true,"href":"https:\/\/www.gnosisprimordial.com\/index.php?rest_route=%2Fwp%2Fv2%2Fcategories&post=2383"},{"taxonomy":"post_tag","embeddable":true,"href":"https:\/\/www.gnosisprimordial.com\/index.php?rest_route=%2Fwp%2Fv2%2Ftags&post=2383"}],"curies":[{"name":"wp","href":"https:\/\/api.w.org\/{rel}","templated":true}]}}