{"id":2615,"date":"2017-06-16T19:00:05","date_gmt":"2017-06-16T22:00:05","guid":{"rendered":"http:\/\/www.gnosisprimordial.com\/?p=2615"},"modified":"2017-06-29T14:09:30","modified_gmt":"2017-06-29T17:09:30","slug":"2615","status":"publish","type":"post","link":"https:\/\/www.gnosisprimordial.com\/?p=2615","title":{"rendered":"La pregunta que el Papa Francisco no pudo responder a una ni\u00f1a de 12 a\u00f1os, pero nosotros s\u00ed"},"content":{"rendered":"<p>Francisco fue conmovido por la pregunta de una ni\u00f1a de 12 a\u00f1os en el marco de una misa en Filipinas que, por su concurrencia, se convirti\u00f3 en hist\u00f3rica.<\/p>\n<p>El Papa Francisco recibi\u00f3 hoy en medio de una hist\u00f3rica misa, por su concurrencia, una pregunta de una ni\u00f1a de 12 a\u00f1os la cual no pudo contestar.<\/p>\n<p>\u00abMuchos ni\u00f1os son abandonados por sus padres. Muchos de ellos acaban siendo v\u00edctimas y les han pasado cosas malas, como adicci\u00f3n a las drogas o prostituci\u00f3n \u00bfPor qu\u00e9 Dios permite esto, incluso si los ni\u00f1os no tienen culpa? \u00bfPor qu\u00e9 s\u00f3lo unos pocos nos ayudan?\u00bb pregunt\u00f3 la ni\u00f1a, Glyzelle Iris Palomar.<\/p>\n<p>La ni\u00f1a, que encontr\u00f3 refugio en una comunidad eclesi\u00e1stica, rompi\u00f3 a llorar y no pudo terminar su discurso de bienvenida. El Papa la abraz\u00f3 y comenz\u00f3 su propia alocuci\u00f3n, m\u00e1s preparada.<\/p>\n<p>\u00abElla es la \u00fanica que ha planteado una pregunta para la que no hay respuesta y ni siquiera es capaz de expresarlo con palabras, sino con l\u00e1grimas\u00bb, dijo, visiblemente emocionado.<\/p>\n<p>\u00ab\u00bfPor qu\u00e9 sufren los ni\u00f1os?\u00bb, dijo el argentino en espa\u00f1ol. Un int\u00e9rprete traduc\u00eda su discurso al ingl\u00e9s para las m\u00e1s de 30.000 personas congregadas en los campos de la universidad.<\/p>\n<p>El papa no pudo responder esa pregunta porque para hacerlo, sin mentir ni enga\u00f1ar, deber\u00eda haber renunciado a la gran mentira cristiana.<\/p>\n<p><strong>La verdad es esta:<\/strong><\/p>\n<p>Este mundo es un infierno, y el \u00fanico responsable de haber inventado esta mierda es el diablo Jehov\u00e1 Satan\u00e1s, el inepto creador del mundo y del hombre.<\/p>\n<p>Lo incre\u00edble es que por causa del terror que inspira, este ser plagiador y sat\u00e1nico es adorado por miles de millones de hombres dormidos, sus siervos, los siervos de sat\u00e1n y su religi\u00f3n del Mal.<\/p>\n<p>Una de las grandes falsedades judeocristianas es la de asegurar que este miserable Satan\u00e1s es un dios bueno y misericordioso. Todo lo contrario, este ser es Satan\u00e1s, disfrazado de viejito bueno, y su actual nombre Jehov\u00e1 es el \u00faltimo nombre con que \u00e9l se ha autodenominado.<\/p>\n<p>Este falso dios no es el \u00fanico. El verdadero Dios, Perfecto, Eterno e Incognoscible, es otro, y est\u00e1 fuera de toda esta creaci\u00f3n impura y demencial.<\/p>\n<p>Es suficiente con leer la biblia para comprobar la personalidad enferma y psicop\u00e1tica de este p\u00e9rfido Jehov\u00e1 criminal.<\/p>\n<p>La pregunta clave es \u00bfPor qu\u00e9 mueren los ni\u00f1os? \u00bfPor qu\u00e9 hay tanto sufrimiento en el mundo?<\/p>\n<p><strong>Muy f\u00e1cil de responder:<\/strong><\/p>\n<p>Porque este falso dios degenerado, Jehov\u00e1 Satan\u00e1s, goza y se alimenta con las emanaciones del dolor y sufrimiento de los hombres, con el hedor de la sangre y con el olor de la carne quemada. Y cuando tiene hambre exige genocidios, circuncisiones y guerras para saciar su apetito de gran criminal.<\/p>\n<p><strong>Bibliograf\u00eda:<\/strong><br \/>\n\u201cLa religi\u00f3n prohibida\u201d<br \/>\n\u201cFundamentos de la sabidur\u00eda hiperb\u00f3rea\u201d<br \/>\n\u00abLa Sagrada Biblia\u00bb<\/p>\n<p><strong>Autor:<\/strong><br \/>\nMario I. G. Vives<\/p>\n<!-- AddThis Advanced Settings generic via filter on the_content -->\n<!-- AddThis Share Buttons generic via filter on the_content -->\n","protected":false},"excerpt":{"rendered":"<p>Francisco fue conmovido por la pregunta de una ni\u00f1a de 12 a\u00f1os en el marco de una misa en Filipinas que, por su concurrencia, se&#8230;<\/p>\n<div class=\"more-link-wrapper\"><a class=\"more-link\" href=\"https:\/\/www.gnosisprimordial.com\/?p=2615\">Seguir leyendo<span class=\"screen-reader-text\">La pregunta que el Papa Francisco no pudo responder a una ni\u00f1a de 12 a\u00f1os, pero nosotros s\u00ed<\/span><\/a><\/div>\n<p><!-- AddThis Advanced Settings generic via filter on wp_trim_excerpt --><br \/>\n<!-- AddThis Share Buttons generic via filter on wp_trim_excerpt --><\/p>\n","protected":false},"author":426,"featured_media":0,"comment_status":"open","ping_status":"closed","sticky":false,"template":"","format":"standard","meta":{"footnotes":""},"categories":[1,19],"tags":[179,1040,1038,1039],"class_list":["post-2615","post","type-post","status-publish","format-standard","hentry","category-articulos","category-contenidos-encontrados-en-internet","tag-dios","tag-filipinas","tag-francisco","tag-nina","entry"],"_links":{"self":[{"href":"https:\/\/www.gnosisprimordial.com\/index.php?rest_route=\/wp\/v2\/posts\/2615","targetHints":{"allow":["GET"]}}],"collection":[{"href":"https:\/\/www.gnosisprimordial.com\/index.php?rest_route=\/wp\/v2\/posts"}],"about":[{"href":"https:\/\/www.gnosisprimordial.com\/index.php?rest_route=\/wp\/v2\/types\/post"}],"author":[{"embeddable":true,"href":"https:\/\/www.gnosisprimordial.com\/index.php?rest_route=\/wp\/v2\/users\/426"}],"replies":[{"embeddable":true,"href":"https:\/\/www.gnosisprimordial.com\/index.php?rest_route=%2Fwp%2Fv2%2Fcomments&post=2615"}],"version-history":[{"count":8,"href":"https:\/\/www.gnosisprimordial.com\/index.php?rest_route=\/wp\/v2\/posts\/2615\/revisions"}],"predecessor-version":[{"id":2637,"href":"https:\/\/www.gnosisprimordial.com\/index.php?rest_route=\/wp\/v2\/posts\/2615\/revisions\/2637"}],"wp:attachment":[{"href":"https:\/\/www.gnosisprimordial.com\/index.php?rest_route=%2Fwp%2Fv2%2Fmedia&parent=2615"}],"wp:term":[{"taxonomy":"category","embeddable":true,"href":"https:\/\/www.gnosisprimordial.com\/index.php?rest_route=%2Fwp%2Fv2%2Fcategories&post=2615"},{"taxonomy":"post_tag","embeddable":true,"href":"https:\/\/www.gnosisprimordial.com\/index.php?rest_route=%2Fwp%2Fv2%2Ftags&post=2615"}],"curies":[{"name":"wp","href":"https:\/\/api.w.org\/{rel}","templated":true}]}}