{"id":2643,"date":"2017-07-05T13:39:38","date_gmt":"2017-07-05T16:39:38","guid":{"rendered":"http:\/\/www.gnosisprimordial.com\/?p=2643"},"modified":"2017-07-05T14:55:07","modified_gmt":"2017-07-05T17:55:07","slug":"2643","status":"publish","type":"post","link":"https:\/\/www.gnosisprimordial.com\/?p=2643","title":{"rendered":"La polic\u00eda argentina secuestr\u00f3 otra colecci\u00f3n de objetos nazis falsificados"},"content":{"rendered":"<p><em>Efectivos de la PFA allanaron un local en San Telmo, donde hallaron cascos, gorros, cuchillos y medallas, todos con simbolog\u00eda del r\u00e9gimen de Adolf Hitler<\/em><\/p>\n<p><img decoding=\"async\" src=\"http:\/\/www.infobae.com\/new-resizer\/t5ose8Fd8IaMdqS_Lr9sefiRMPE=\/600x0\/s3.amazonaws.com\/arc-wordpress-client-uploads\/infobae-wp\/wp-content\/uploads\/2017\/06\/29155448\/Objetos-nazis-San-Telmo-1920-2.jpg?token=bar\" \/><\/p>\n<p>Apenas 20 d\u00edas despu\u00e9s del hallazgo de un \u00abtesoro nazi\u00bb en manos de un anticuario de Beccar, la Polic\u00eda Federal secuestr\u00f3 otra colecci\u00f3n de objetos con simbolog\u00eda del Tercer Reich de Adolf Hitler en una galer\u00eda del barrio porte\u00f1o de San Telmo.<\/p>\n<p>El operativo, a cargo de la Divisi\u00f3n Unidad de Investigaci\u00f3n de Conductas Discriminatorias de la PFA, se llev\u00f3 a cabo en el local 3 de la Galer\u00eda Inmaculada Concepci\u00f3n, ubicada en Defensa 845. El comercio se llama Militaria J. B de Molay.<\/p>\n<p><img decoding=\"async\" src=\"http:\/\/www.infobae.com\/new-resizer\/0tZgCytLq5Go-RCHT4049n3VDKc=\/600x0\/s3.amazonaws.com\/arc-wordpress-client-uploads\/infobae-wp\/wp-content\/uploads\/2017\/06\/29155452\/Objetos-nazis-San-Telmo-SF.jpg?token=bar\" \/><\/p>\n<p>En el local de antig\u00fcedades hab\u00eda exhibidos para la venta al p\u00fablico cuatro cascos, cinco gorras, un birrete, cinco dagas, dos cuchillos, cinco hebillas, un lienzo y 53 medallas, \u00abtodas con simbolog\u00eda nazi, a saber: cruz esv\u00e1stica (algunas tapadas), cruz de hierro y \u00e1guila imperial\u00bb, inform\u00f3 la PFA. Seg\u00fan confirmaron fuentes de la investigaci\u00f3n a Infobae, tanto las dagas como los cascos son elementos originales. Para determinar el origen del resto de las piezas, las fuerzas de seguridad realizar\u00e1n m\u00e1s pericias.<\/p>\n<p><img decoding=\"async\" src=\"http:\/\/www.infobae.com\/new-resizer\/WtdHFaG4RHp-pQN9ohlVBgG2ljM=\/600x0\/s3.amazonaws.com\/arc-wordpress-client-uploads\/infobae-wp\/wp-content\/uploads\/2017\/06\/29155444\/Objetos-nazis-San-Telmo-1920-1.jpg?token=bar\" \/><\/p>\n<p>An\u00edbal Brunet, a cargo de la Fiscal\u00eda Penal, Contravencional y de Faltas Nro. 22 de la Ciudad, pidi\u00f3 que se secuestren todos los objetos constitutivos de delito; la identificaci\u00f3n del propietario del lugar; la clausura del local; y que esa persona sea notificada para que se presente en calidad de imputado dentro de las 48 hs en sede de dicha Fiscal\u00eda.<\/p>\n<p>Adem\u00e1s del local en la galer\u00eda de San Telmo, Militaria J. B de Molay tiene un sitio web donde publica un cat\u00e1logo con todos los productos, y algunos de ellos tienen los precios. Por ejemplo, un cortaplumas F. Herder cuesta USD 190; una daga de \u00abprincipios del siglo XX\u00bb, USD 500; una bayoneta \u00abde bomberos para tropa\u00bb, USD 380, y una del \u00abej\u00e9rcito alem\u00e1n\u00bb, USD 300.<\/p>\n<p><img decoding=\"async\" src=\"http:\/\/www.infobae.com\/new-resizer\/xCSFdscYeI_lqK3DIUJ0bvaXImI=\/600x0\/s3.amazonaws.com\/arc-wordpress-client-uploads\/infobae-wp\/wp-content\/uploads\/2017\/06\/29163907\/Objetos-nazis-San-Telmo-1920-4.jpg?token=bar\" \/><\/p>\n<p>Si bien todav\u00eda no se sabe si todos los objetos son originales o r\u00e9plicas (las dagas y los cascos s\u00ed son de origen nazi), los precios a los que se comercializaban son similares a los que cuestan otras antig\u00fcedades en los Estados Unidos, que tiene un gran mercado de anticuarios.<\/p>\n<p><img decoding=\"async\" src=\"http:\/\/www.infobae.com\/new-resizer\/lVvIs-RnKQ7leciSps9B_2fZc6g=\/600x0\/s3.amazonaws.com\/arc-wordpress-client-uploads\/infobae-wp\/wp-content\/uploads\/2017\/06\/29163903\/Objetos-nazis-San-Telmo-1920-3.jpg?token=bar\" \/><\/p>\n<p>En di\u00e1logo con Infobae, el presidente de la DAIA Ariel Cohen Sabban asegur\u00f3 que \u00aben cualquier hecho que afecte a la comunidad jud\u00eda argentina, la DAIA se va a presentar como querellante ante la Justicia porque se siente v\u00edctima de un delito\u00bb.<\/p>\n<p>Cohen Sabban se refiere al mismo motivo por el que la entidad comunitaria solicit\u00f3 impulsar la investigaci\u00f3n del caso del \u00abtesoro nazi\u00bb hallado en Beccar. El camino judicial que buscar\u00e1 recorrer la DAIA consiste en acusar al due\u00f1o del comercio de violar la ley 23.592, que regula los actos discriminatorios, ya que poseer este tipo de objetos no constituye un delito en s\u00ed mismo.<\/p>\n<p>En ese sentido, el subcomisario Guillermo D\u00edaz aclar\u00f3 que no es delito poseer este tipo de objetos, pero s\u00ed va en contra de la ley exhibirlos y venderlos. Esto significar\u00eda violar el art\u00edculo 3\u00b0 de la ley 23.592, y podr\u00eda significar entre 1 y 3 a\u00f1os de prisi\u00f3n.<\/p>\n<p>Por su parte, la ministra de Seguridad Patricia Bullrich asegur\u00f3 que \u00aba partir de estos hallazgos, iniciamos una investigaci\u00f3n para determinar el origen de estas piezas. Es imprescindible corroborar su procedencia al tratarse de objetos emblem\u00e1ticos del r\u00e9gimen nazi y de una de las \u00e9pocas m\u00e1s tr\u00e1gicas de la historia. No podemos permitir que estas piezas, s\u00edmbolos de discriminaci\u00f3n, est\u00e9n a la venta\u00bb.<\/p>\n<p><strong>Fuente:<\/strong> <a href=\"http:\/\/www.infobae.com\/sociedad\/2017\/06\/29\/la-policia-secuestro-otra-coleccion-de-objetos-nazis\/\">Infobae<\/a><\/p>\n<!-- AddThis Advanced Settings generic via filter on the_content -->\n<!-- AddThis Share Buttons generic via filter on the_content -->\n","protected":false},"excerpt":{"rendered":"<p>Efectivos de la PFA allanaron un local en San Telmo, donde hallaron cascos, gorros, cuchillos y medallas, todos con simbolog\u00eda del r\u00e9gimen de Adolf Hitler&#8230;<\/p>\n<div class=\"more-link-wrapper\"><a class=\"more-link\" href=\"https:\/\/www.gnosisprimordial.com\/?p=2643\">Seguir leyendo<span class=\"screen-reader-text\">La polic\u00eda argentina secuestr\u00f3 otra colecci\u00f3n de objetos nazis falsificados<\/span><\/a><\/div>\n<p><!-- AddThis Advanced Settings generic via filter on wp_trim_excerpt --><br \/>\n<!-- AddThis Share Buttons generic via filter on wp_trim_excerpt --><\/p>\n","protected":false},"author":426,"featured_media":0,"comment_status":"open","ping_status":"closed","sticky":false,"template":"","format":"standard","meta":{"footnotes":""},"categories":[19],"tags":[938,1044,1045,1046,1047],"class_list":["post-2643","post","type-post","status-publish","format-standard","hentry","category-contenidos-encontrados-en-internet","tag-argentina","tag-bullrich","tag-coleccion","tag-nazi","tag-pfa","entry"],"_links":{"self":[{"href":"https:\/\/www.gnosisprimordial.com\/index.php?rest_route=\/wp\/v2\/posts\/2643","targetHints":{"allow":["GET"]}}],"collection":[{"href":"https:\/\/www.gnosisprimordial.com\/index.php?rest_route=\/wp\/v2\/posts"}],"about":[{"href":"https:\/\/www.gnosisprimordial.com\/index.php?rest_route=\/wp\/v2\/types\/post"}],"author":[{"embeddable":true,"href":"https:\/\/www.gnosisprimordial.com\/index.php?rest_route=\/wp\/v2\/users\/426"}],"replies":[{"embeddable":true,"href":"https:\/\/www.gnosisprimordial.com\/index.php?rest_route=%2Fwp%2Fv2%2Fcomments&post=2643"}],"version-history":[{"count":4,"href":"https:\/\/www.gnosisprimordial.com\/index.php?rest_route=\/wp\/v2\/posts\/2643\/revisions"}],"predecessor-version":[{"id":2647,"href":"https:\/\/www.gnosisprimordial.com\/index.php?rest_route=\/wp\/v2\/posts\/2643\/revisions\/2647"}],"wp:attachment":[{"href":"https:\/\/www.gnosisprimordial.com\/index.php?rest_route=%2Fwp%2Fv2%2Fmedia&parent=2643"}],"wp:term":[{"taxonomy":"category","embeddable":true,"href":"https:\/\/www.gnosisprimordial.com\/index.php?rest_route=%2Fwp%2Fv2%2Fcategories&post=2643"},{"taxonomy":"post_tag","embeddable":true,"href":"https:\/\/www.gnosisprimordial.com\/index.php?rest_route=%2Fwp%2Fv2%2Ftags&post=2643"}],"curies":[{"name":"wp","href":"https:\/\/api.w.org\/{rel}","templated":true}]}}