{"id":2671,"date":"2017-08-01T15:13:04","date_gmt":"2017-08-01T18:13:04","guid":{"rendered":"http:\/\/www.gnosisprimordial.com\/?p=2671"},"modified":"2017-08-01T15:15:01","modified_gmt":"2017-08-01T18:15:01","slug":"cuando-el-papa-va-a-hablar-de-venezuela","status":"publish","type":"post","link":"https:\/\/www.gnosisprimordial.com\/?p=2671","title":{"rendered":"Cu\u00e1ndo el Papa va a hablar de Venezuela"},"content":{"rendered":"<p><em>El silencio de Francisco es estruendoso: un silencio que lastima.<\/em><\/p>\n<p>El Papa, que forj\u00f3 fama de hablar alto a los poderosos, no habla de Venezuela.<\/p>\n<p>No tiene nada decir sobre los m\u00e1s de 100 muertos en la represi\u00f3n callejera ni sobre los 500 presos pol\u00edticos que hay, seg\u00fan la OEA.<\/p>\n<p>Tampoco tiene nada que decir sobre la falsa elecci\u00f3n del domingo. Delegados elegidos a dedo por el r\u00e9gimen de Maduro para una Constituyente que disolver\u00e1 la \u00fanica instituci\u00f3n democr\u00e1tica que queda en pie: la Asamblea Nacional.<\/p>\n<p>Nada del Papa. Ni una frase sobre las bandas parapoliciales que siembran terror, ni una palabra de respaldo o de comprensi\u00f3n para los opositores perseguidos.<\/p>\n<p>Es un silencio estruendoso. Es un silencio que lastima.<\/p>\n<p>El Papa que habla hasta por los codos no habla. Habla el Episcopado venezolano que viaj\u00f3 a Roma a comienzos de junio para pedirle que intervenga. P\u00fablicamente, al menos, el jefe de todos ellos, Francisco, no contest\u00f3.<\/p>\n<p>El \u00faltimo documento de los obispos venezolanos es de cinco d\u00edas atr\u00e1s, en v\u00edsperas de la Constituyente. Dice: es \u201cinconstitucional, inconveniente y da\u00f1ina para el pueblo y s\u00f3lo agravar\u00e1 los problemas\u201d.<\/p>\n<p>Si eso no era ya suficientemente fuerte, dice tambi\u00e9n: \u201cUna vez m\u00e1s alzamos nuestras voces contra la violencia. Vivimos horas cargadas de incertidumbres\u201d, con enfrentamientos y \u201cefectivos militares y policiales y grupos civiles armados afectos al Gobierno que obran coordinadamente atropellando al pueblo que manifiesta su descontento\u201d.<\/p>\n<p>Para el chavismo, la democracia s\u00f3lo sirve para tomar el poder sin la obligaci\u00f3n de devolverlo.<\/p>\n<p>El historiador de la Universidad de Bologna Loris Zanatta explica que \u201cla lectura de la realidad de Francisco no est\u00e1 basada en la visi\u00f3n que podr\u00edamos sintetizar bajo la idea de democracia versus dictadura, sino pueblo versus oligarqu\u00eda\u201d.<\/p>\n<p>Para Zanatta esa concepci\u00f3n \u201ces lo que lo hace tolerante al chavismo y al madurismo\u201d.<\/p>\n<p>El Papa no escucha a los obispos de Venezuela. Escucha al cardenal Parolin, al que tiene muy cerca desde que lo puso como Secretario de Estado. Parolin maneja la diplomacia vaticana y conoce a fondo la pol\u00edtica venezolana: fue nuncio en Caracas.<\/p>\n<p>A pedido de Parolin, Bergoglio recibi\u00f3 a Maduro en octubre pasado. De hecho, le tir\u00f3 un salvavidas cuando Maduro estaba muy d\u00e9bil. Necesitaba ganar tiempo y la foto con Francisco le dio una bocanada de ox\u00edgeno.<\/p>\n<p>Hablar de Venezuela es hablar de la relaci\u00f3n \u00edntima con Cuba.<\/p>\n<p>Son asesores cubanos los que le permiten a Maduro controlar el aparato del Estado y sobre todo controlar el aparato militar, que es su verdadera fortaleza.<\/p>\n<p>El chavismo fue una bendici\u00f3n para los Castro. Venezuela le aporta a Cuba el doble de lo que le aportaba la Uni\u00f3n Sovi\u00e9tica en tiempos de la Guerra Fr\u00eda. Entre el petr\u00f3leo y las remesas por los cubanos que trabajan en Venezuela, el ingreso de divisas a la isla supera incluso al ingreso que le reporta el turismo.<\/p>\n<p>Si alguna vez hubo una revoluci\u00f3n en Cuba, ahora y hace tiempo s\u00f3lo reina la revoluci\u00f3n de los bur\u00f3cratas que sobreviven gracias a la ayuda venezolana.<\/p>\n<p>Pese a todo, el castrismo contin\u00faa influenciando y mucho en gobiernos y en organizaciones pol\u00edticas y culturales supuestamente progresistas. Tambi\u00e9n en organismos de derechos humanos.<\/p>\n<p>Unos y otros hacen la vista gorda con la tragedia venezolana.<\/p>\n<p>\u00bfCu\u00e1ntos muertos y cu\u00e1ntas injusticias har\u00e1n falta para que dejen de justificar y ser c\u00f3mplices? Todo tan evidente como el estruendoso silencio del Papa.<\/p>\n<p>Fuente: <a href=\"https:\/\/www.clarin.com\/opinion\/papa-va-hablar-venezuela_0_Sy-1zYa8W.html\">Clar\u00edn<\/a><\/p>\n<!-- AddThis Advanced Settings generic via filter on the_content -->\n<!-- AddThis Share Buttons generic via filter on the_content -->\n","protected":false},"excerpt":{"rendered":"<p>El silencio de Francisco es estruendoso: un silencio que lastima. El Papa, que forj\u00f3 fama de hablar alto a los poderosos, no habla de Venezuela.&#8230;<\/p>\n<div class=\"more-link-wrapper\"><a class=\"more-link\" href=\"https:\/\/www.gnosisprimordial.com\/?p=2671\">Seguir leyendo<span class=\"screen-reader-text\">Cu\u00e1ndo el Papa va a hablar de Venezuela<\/span><\/a><\/div>\n<p><!-- AddThis Advanced Settings generic via filter on wp_trim_excerpt --><br \/>\n<!-- AddThis Share Buttons generic via filter on wp_trim_excerpt --><\/p>\n","protected":false},"author":426,"featured_media":0,"comment_status":"open","ping_status":"closed","sticky":false,"template":"","format":"standard","meta":{"footnotes":""},"categories":[19],"tags":[129,964,852],"class_list":["post-2671","post","type-post","status-publish","format-standard","hentry","category-contenidos-encontrados-en-internet","tag-marxismo","tag-papa-francisco","tag-venezuela","entry"],"_links":{"self":[{"href":"https:\/\/www.gnosisprimordial.com\/index.php?rest_route=\/wp\/v2\/posts\/2671","targetHints":{"allow":["GET"]}}],"collection":[{"href":"https:\/\/www.gnosisprimordial.com\/index.php?rest_route=\/wp\/v2\/posts"}],"about":[{"href":"https:\/\/www.gnosisprimordial.com\/index.php?rest_route=\/wp\/v2\/types\/post"}],"author":[{"embeddable":true,"href":"https:\/\/www.gnosisprimordial.com\/index.php?rest_route=\/wp\/v2\/users\/426"}],"replies":[{"embeddable":true,"href":"https:\/\/www.gnosisprimordial.com\/index.php?rest_route=%2Fwp%2Fv2%2Fcomments&post=2671"}],"version-history":[{"count":1,"href":"https:\/\/www.gnosisprimordial.com\/index.php?rest_route=\/wp\/v2\/posts\/2671\/revisions"}],"predecessor-version":[{"id":2672,"href":"https:\/\/www.gnosisprimordial.com\/index.php?rest_route=\/wp\/v2\/posts\/2671\/revisions\/2672"}],"wp:attachment":[{"href":"https:\/\/www.gnosisprimordial.com\/index.php?rest_route=%2Fwp%2Fv2%2Fmedia&parent=2671"}],"wp:term":[{"taxonomy":"category","embeddable":true,"href":"https:\/\/www.gnosisprimordial.com\/index.php?rest_route=%2Fwp%2Fv2%2Fcategories&post=2671"},{"taxonomy":"post_tag","embeddable":true,"href":"https:\/\/www.gnosisprimordial.com\/index.php?rest_route=%2Fwp%2Fv2%2Ftags&post=2671"}],"curies":[{"name":"wp","href":"https:\/\/api.w.org\/{rel}","templated":true}]}}