{"id":2673,"date":"2017-08-01T15:46:39","date_gmt":"2017-08-01T18:46:39","guid":{"rendered":"http:\/\/www.gnosisprimordial.com\/?p=2673"},"modified":"2017-08-02T14:10:17","modified_gmt":"2017-08-02T17:10:17","slug":"2673","status":"publish","type":"post","link":"https:\/\/www.gnosisprimordial.com\/?p=2673","title":{"rendered":"El Vaticano lava dinero de gobiernos marxistas"},"content":{"rendered":"<h3 style=\"text-align: left;\"><strong>Sorpresa en el Vaticano: encontraron cientos de millones de euros ocultos<\/strong><\/h3>\n<p>El responsable de Econom\u00eda revel\u00f3 que \u00abla situaci\u00f3n es mucho m\u00e1s saludable de lo que parec\u00eda\u00bb en la Santa Sede.<\/p>\n<p>El responsable de Econom\u00eda del Vaticano, el cardenal australiano George Pell, revel\u00f3 en la revista brit\u00e1nica Catholic Herald que descubrieron cientos de millones de euros hasta ahora ocultos.<\/p>\n<p>El cardenal relat\u00f3 c\u00f3mo \u00ablas congregaciones, los concilios y, especialmente la Secretar\u00eda de Estado disfrutaban y defend\u00edan una sana independencia\u00bb. \u00abLos problemas se manten\u00edan en casa\u00bb, explic\u00f3 Pell.<\/p>\n<p>En la entrevista, Pell quiso hacer hincapi\u00e9 el Vaticano no est\u00e1 en quiebra: \u00abAparte del fondo de pensiones, que necesita ser fortalecido para afrontar las demandas sobre \u00e9l en 15 \u00f3 20 a\u00f1os, la Santa Sede est\u00e1 afrontado sus gastos, al tiempo que posee activos e inversiones sustanciales\u00bb.<\/p>\n<p>Explic\u00f3 asimismo que el Vaticano no utiliz\u00f3 est\u00e1ndares contables modernos \u00abhasta hace poco\u00bb, cuando el Papa Francisco \u00abse dio cuenta de que el sistema financiero vaticano hab\u00eda evolucionado de un modo que resultaba imposible para cualquiera conocer qu\u00e9 estaba pasando en conjunto\u00bb.<\/p>\n<p>El Papa nombr\u00f3 entonces un comit\u00e9 de expertos para examinar la situaci\u00f3n y proponer un programa de reformas basado en dos principios: adoptar los est\u00e1ndares financieros internacionales y asegurarse de que las pol\u00edticas y procedimientos del Vaticano sean \u00abtransparentes\u00bb, afirm\u00f3 Pell.<\/p>\n<p><strong>Fuente:<\/strong> <a href=\"http:\/\/tn.com.ar\/internacional\/sorpresa-en-el-vaticano-encontraron-cientos-de-millones-de-euros-ocultos_553327\">Clar\u00edn<\/a><\/p>\n<hr \/>\n<div dir=\"auto\"><\/div>\n<div dir=\"auto\">\n<p>SALT\u00d3 LA LIEBRE!!! Ya se ven\u00eda sospechando, tanta bondad d Francisco c los maleantes Kirchneristas: la Kristi, Moreno, Milagro Sala, Scioli, Julio Debido, B\u00e1ez y\u00a0 sus tres cachorritos,\u00a0 Bodou, Jos\u00e9 L\u00f3pez, la iaculada Sra Bonafini, etc, etc,etc, etc, etc&#8230;&#8230;\u00a0 Dice el Dr. Horacio Rivara:<\/p>\n<\/div>\n<div dir=\"auto\">\n<p>\u201cConfirm\u00e9 de muy buena fuente que el IOR, Banco del Vaticano, est\u00e1 lavando los cientos de millones de los K y sus secuaces!!!\ud83d\ude31\ud83d\ude31\ud83d\ude31\ud83d\udc79\ud83d\udc79\ud83d\udc79\ud83d\udc80\ud83d\udc80\ud83d\udc80<\/p>\n<\/div>\n<div dir=\"auto\">\n<p>Benedicto renunci\u00f3 porque ten\u00eda una deuda de 700 millones y Bergoglio lo arregl\u00f3 financi\u00e1ndose con los K.<\/p>\n<\/div>\n<div dir=\"auto\">\n<p>El IOR no est\u00e1 controlado por el Banco Central Italiano, por eso en los 70 lavaba plata Michel Sindona, banquero de la Mafia.<\/p>\n<\/div>\n<div dir=\"auto\">\n<p>\u00bfNunca se preguntaron por qu\u00e9 las Monjitas se prestaron a usar el Convento de aguantadero de Bolsos K?<\/p>\n<\/div>\n<div dir=\"auto\">\n<p>\u00bfQui\u00e9n es el superior de las monjitas? Empieza con Bergo y termina con glio\u201d.<\/p>\n<\/div>\n<div dir=\"auto\">\n<p><strong>NOTA de Horacio Rivara:<\/strong><\/p>\n<\/div>\n<div dir=\"auto\">\n<p>\u201cEntre nos, les voy a contar por qu\u00e9 el Papa Francisco act\u00faa como act\u00faa. Nadie se hace comunista a los 80 a\u00f1os y nadie se hace kirchnerista gratis.<\/p>\n<\/div>\n<div dir=\"auto\">\n<p>El Vaticano, pese a ser rico en teor\u00eda, tuvo siempre enormes problemas financieros, porque esa riqueza no es realizable. Borgia cre\u00f3 el Banco del Vaticano a fin de la Edad Media para no depender de los Pr\u00edncipes Florentinos. Hoy ese Banco se llama IOR y, en 1975, estaba en graves problemas.<\/p>\n<\/div>\n<div dir=\"auto\">\n<p>El cardenal de Mil\u00e1n, Giovanni Montini, nombrado como Papa Pablo VI gracias a Licio Gelli, desesperado le pidi\u00f3 ayuda a su amigo. \u00c9ste habl\u00f3 con Michele Sindona, genio financiero de la mafia siciliana, y cre\u00f3 dos Bancos: el Ambrosiano, dirigido por Calvi, y el Andino de Per\u00fa. El Ambrosiano lavaba plata de la mafia y el Andino de los Somoza, los Castro y otros dictadores ambos bancos prestaban esta plata lavada al Vaticano.<\/p>\n<\/div>\n<div dir=\"auto\">\n<p>Todo salt\u00f3 en el 81. Gelli cay\u00f3, Calvi se \u201csuicid\u00f3\u201d, mientras hu\u00eda, en Londres y Sindona cumpli\u00f3 6 meses de c\u00e1rcel.<\/p>\n<\/div>\n<div dir=\"auto\">\n<p>Desde entonces, el Vaticano se financi\u00f3 gracias al Arzobispado de Boston y su banco controlado, el First de Boston. Pero vinieron las millonarias demandas civiles por pedofilia, el Arzobispado pidi\u00f3 el art. 11 de la ley de quiebras (parecido a nuestro concurso) y todo se complic\u00f3.<\/p>\n<\/div>\n<div dir=\"auto\">\n<p>Por eso renunci\u00f3 Benedicto XVI, estaba seco y al borde de la quiebra.<\/p>\n<\/div>\n<div dir=\"auto\">\n<p>Asume Francisco y todo se arregla m\u00e1gicamente y, m\u00e1gicamente, Bergoglio perdona a sus perseguidores, a quienes lo acusaban de genocida y entregador.<\/p>\n<\/div>\n<div dir=\"auto\">\n<p>\u00bfY c\u00f3mo se fondea ahora el IOR? Con el dinero K. Lavando. Una Madre Superiora de un convento, honesta por 89 a\u00f1os, nunca dejar\u00eda entrar armas y plata robada a altas horas de la noche, salvo dos excepciones. Que se aparezca Jes\u00fas de Nazareth y se lo pida o que se lo pida el Papa. Y ese fue s\u00f3lo un bolso; hay cientos.<\/p>\n<\/div>\n<div dir=\"auto\">\n<p>Como el Vaticano es un Estado Soberano, el IOR no puede ser investigado por la Justicia Italiana, ni debe presentar balances a ning\u00fan Banco Central. Por eso Bergoglio env\u00edo a Grabois para fomentar piquetes y des\u00f3rdenes. \u00c9l hab\u00eda apostado a Scioli, pero la victoria de Macri complic\u00f3 a Cristina y Bergoglio teme que, si va presa, se corte la financiaci\u00f3n\u201d.<\/p>\n<\/div>\n<div dir=\"auto\">\n<p><strong>Contin\u00faa Horacio Rivara:<\/strong><\/p>\n<\/div>\n<div dir=\"auto\">\n<p>\u201cHay gente muy enojada y el mundo financiero europeo es muy peque\u00f1o para tapar cosas as\u00ed.<\/p>\n<\/div>\n<div dir=\"auto\">\n<p>El error de Licio Gelli, Pablo VI y Sindona en los 70 fue usar al Ambrosiano, de Mil\u00e1n, controlado por el Banco Central Italiano y por el Parlamento. Ahora s\u00f3lo usan el IOR.\u201d<\/p>\n<\/div>\n<div dir=\"auto\">\n<p><strong>Sigue Horacio Rivara:<\/strong><\/p>\n<\/div>\n<div dir=\"auto\">\n<p>\u201cApenas elegido Papa, Bergoglio recibi\u00f3 a Guillermo Moreno y acordaron: primero, que Scioli era el candidato y luego, humillar a Massa para beneficio de Scioli.<\/p>\n<\/div>\n<div dir=\"auto\">\n<p>Lo hicieron ir a Roma a Massa y no lo recibi\u00f3.<\/p>\n<\/div>\n<div dir=\"auto\">\n<p>Al perder Scioli, Bergoglio se pleg\u00f3 al \u00abclub del helic\u00f3ptero\u00bb; el plan para derrocar a Macri antes del 6 de abril, donde Bonad\u00edo dictar\u00eda la prisi\u00f3n preventiva\u201d.<\/p>\n<\/div>\n<div dir=\"auto\">\n<p><a href=\"http:\/\/tn.com.ar\/internacional\/sorpresa-en-el-vaticano-encontraron-cientos-de-millones-de-euros-ocultos_553327\">http:\/\/tn.com.ar\/internacional\/sorpresa-en-el-vaticano-encontraron-cientos-de-millones-de-euros-ocultos_553327<\/a><\/p>\n<\/div>\n<div dir=\"auto\">\n<p>Lo paso como me lleg\u00f3<\/p>\n<\/div>\n<div dir=\"auto\">\n<p>Urgente avisen a sus contactos, llegaron grandes remesas de dineros de ciertos bancos para distribuir entre los medios de comunicaci\u00f3n, villas, dirigentes sindicales, organizaciones de izquierda y otros, para asestar golpes al gobierno hablando de la inseguridad, inflaci\u00f3n y tarifazos. Esperan generar caos y est\u00e1 todo organizado para que las\u00a0 organizaciones salgan al espacio p\u00fablico. Avisen a sus contactos porque ser\u00e1 una gran embestida para la democracia y el\u00a0 futuro de la Rep\u00fablica. Est\u00e9n atentos porque pueden ocurrir cosas importantes en los\u00a0 pr\u00f3ximos d\u00edas. Est\u00e1n desesperados y saldr\u00e1n a tratar de ganar las elecciones, sobre todo en la Prov. de Buenos Aires!!<\/p>\n<\/div>\n<div dir=\"auto\">Difundir porque sino la gente se v\u00e1 a angustiar cuando escuche versiones tan desalentadoras. Debemos resistir la embestida K.<\/div>\n<!-- AddThis Advanced Settings generic via filter on the_content -->\n<!-- AddThis Share Buttons generic via filter on the_content -->\n","protected":false},"excerpt":{"rendered":"<p>Sorpresa en el Vaticano: encontraron cientos de millones de euros ocultos El responsable de Econom\u00eda revel\u00f3 que \u00abla situaci\u00f3n es mucho m\u00e1s saludable de lo&#8230;<\/p>\n<div class=\"more-link-wrapper\"><a class=\"more-link\" href=\"https:\/\/www.gnosisprimordial.com\/?p=2673\">Seguir leyendo<span class=\"screen-reader-text\">El Vaticano lava dinero de gobiernos marxistas<\/span><\/a><\/div>\n<p><!-- AddThis Advanced Settings generic via filter on wp_trim_excerpt --><br \/>\n<!-- AddThis Share Buttons generic via filter on wp_trim_excerpt --><\/p>\n","protected":false},"author":426,"featured_media":0,"comment_status":"open","ping_status":"closed","sticky":false,"template":"","format":"standard","meta":{"footnotes":""},"categories":[19],"tags":[1056,1057,882,1058,564],"class_list":["post-2673","post","type-post","status-publish","format-standard","hentry","category-contenidos-encontrados-en-internet","tag-estafa","tag-k","tag-kirchner","tag-kirchnerismo","tag-vaticano","entry"],"_links":{"self":[{"href":"https:\/\/www.gnosisprimordial.com\/index.php?rest_route=\/wp\/v2\/posts\/2673","targetHints":{"allow":["GET"]}}],"collection":[{"href":"https:\/\/www.gnosisprimordial.com\/index.php?rest_route=\/wp\/v2\/posts"}],"about":[{"href":"https:\/\/www.gnosisprimordial.com\/index.php?rest_route=\/wp\/v2\/types\/post"}],"author":[{"embeddable":true,"href":"https:\/\/www.gnosisprimordial.com\/index.php?rest_route=\/wp\/v2\/users\/426"}],"replies":[{"embeddable":true,"href":"https:\/\/www.gnosisprimordial.com\/index.php?rest_route=%2Fwp%2Fv2%2Fcomments&post=2673"}],"version-history":[{"count":6,"href":"https:\/\/www.gnosisprimordial.com\/index.php?rest_route=\/wp\/v2\/posts\/2673\/revisions"}],"predecessor-version":[{"id":2680,"href":"https:\/\/www.gnosisprimordial.com\/index.php?rest_route=\/wp\/v2\/posts\/2673\/revisions\/2680"}],"wp:attachment":[{"href":"https:\/\/www.gnosisprimordial.com\/index.php?rest_route=%2Fwp%2Fv2%2Fmedia&parent=2673"}],"wp:term":[{"taxonomy":"category","embeddable":true,"href":"https:\/\/www.gnosisprimordial.com\/index.php?rest_route=%2Fwp%2Fv2%2Fcategories&post=2673"},{"taxonomy":"post_tag","embeddable":true,"href":"https:\/\/www.gnosisprimordial.com\/index.php?rest_route=%2Fwp%2Fv2%2Ftags&post=2673"}],"curies":[{"name":"wp","href":"https:\/\/api.w.org\/{rel}","templated":true}]}}