{"id":2734,"date":"2017-08-23T15:56:04","date_gmt":"2017-08-23T18:56:04","guid":{"rendered":"http:\/\/www.gnosisprimordial.com\/?p=2734"},"modified":"2017-08-23T15:56:04","modified_gmt":"2017-08-23T18:56:04","slug":"el-iman-bergoglio-quiere-islamizar-europa","status":"publish","type":"post","link":"https:\/\/www.gnosisprimordial.com\/?p=2734","title":{"rendered":"El im\u00e1n Bergoglio quiere islamizar Europa"},"content":{"rendered":"<p><strong>Francisco: \u00bfPapa o im\u00e1n?<\/strong><\/p>\n<p>Importante reuni\u00f3n en Roma con motivo del LX Aniversario de lo que hoy se llama U.E. Actualmente muy alejada de sus \u201cor\u00edgenes\u201d.<\/p>\n<p>Los 27 son recibidos por el Sr. BERGOGLIO en el Vaticano.<\/p>\n<p>Se podr\u00eda suponer un discurso sobre el futuro de Europa y sus problemas actuales. Desde un punto de vista religioso y pol\u00edtico. De los males que aquejan ahora a la vieja Europa: aborto, \u201cgaymonio\u201d, disoluci\u00f3n de la familia \u2013 cada d\u00eda mas divorcios, menos matrimonio y mas hijos extramaritales \u2013 de la perdida de la identidad greco-romana y cristiana de nuestra Civilizaci\u00f3n. Creciente islamizaci\u00f3n y \u00a1como no! del sangriento terrorismo musulm\u00e1n.<\/p>\n<p>Pues no. Lo que ocupa y preocupa al Sr. BERGOGLIO no son estos problemas que llevan al desastre a nuestros pa\u00edses. Ni una sola alusi\u00f3n a los cr\u00edmenes que se cometen contra la Moral y el futuro. Lo que les \u201ccont\u00f3\u201d a tan \u201cdistinguidos\u201d oyentes es que hay que abrir, aun m\u00e1s, nuestras soberanas fronteras, a la invasi\u00f3n inmigrante \u2013 mayoritariamente musulmana \u2013 llegando a hablar de \u201cla obligaci\u00f3n de Europa a acoger a los que huyen de las guerras y la miseria\u201d. Si, antes \u201csolo\u201d era de las guerras, ahora ya tambi\u00e9n es de la miseria.<\/p>\n<p>Como si guerras \u2013 muchas de ellas tribales y at\u00e1vicas \u2013 fueran culpa de una Europa que hace d\u00e9cadas se vio obligada a abandonar sus antiguas colonias y dominios.<\/p>\n<p>Como si la miseria fuera culpa de la lejana Europa y no de la propia inutilidad, corrupci\u00f3n y vagancia de los habitantes de esos pa\u00edses. Olvidando, en paralelo, las obligaciones que para con esos \u201cestados fallidos\u201d tienen sus ricos vecinos isl\u00e1micos, a los cuales ninguna \u201csolidaridad\u201d se les pide, menos a\u00fan se les exige, como se hace con la empobrecida Europa.<\/p>\n<p><a href=\"http:\/\/democracianacional.org\/dn\/wp-content\/uploads\/2017\/03\/dar-al-islam.jpg\"><img loading=\"lazy\" decoding=\"async\" class=\"alignnone size-full wp-image-15890 shareaholic-media-target-hover-state\" src=\"http:\/\/democracianacional.org\/dn\/wp-content\/uploads\/2017\/03\/dar-al-islam.jpg\" alt=\"dar-al-islam\" width=\"1274\" height=\"708\" \/><\/a><\/p>\n<p>El Sr. BERGOGLIO, \u201cfiel\u201d a su propia demagogia, arengo a sus oyentes, buscando el aplauso f\u00e1cil de los medios \u201cprogres\u201d \u2013 radicalmente anti cristianos \u2013 pero que dan altavoz cada vez que este se\u00f1or se convierte en portavoz del Islam invasor.<\/p>\n<p>\u00a1Que gran oportunidad para defender una Europa Cristiana, vuelta a sus ra\u00edces, tal como tantas veces defendieron San JUAN PABLO I y el \u00bfdefenestrado? BENEDICTO XVI!.<\/p>\n<p>Hoy m\u00e1s que nunca el Sr. BERGOGLIO demostr\u00f3 que m\u00e1s que un Papa es un aspirante a im\u00e1n o a grado de la Masoner\u00eda. Su discurso lo dice todo: Eurabia, antes que Europa, \u201cbuen\u00edsimo\u201d antes que seguridad para sus fieles, m\u00e1s abandonados a los lobos que nunca. Algunos de esos \u201clobos\u201d se sentaban delante suyo.<\/p>\n<p><strong>Fuente:<\/strong>\u00a0http:\/\/democracianacional.org\/dn\/francisco-papa-o-iman\/<\/p>\n<!-- AddThis Advanced Settings generic via filter on the_content -->\n<!-- AddThis Share Buttons generic via filter on the_content -->\n","protected":false},"excerpt":{"rendered":"<p>Francisco: \u00bfPapa o im\u00e1n? Importante reuni\u00f3n en Roma con motivo del LX Aniversario de lo que hoy se llama U.E. Actualmente muy alejada de sus&#8230;<\/p>\n<div class=\"more-link-wrapper\"><a class=\"more-link\" href=\"https:\/\/www.gnosisprimordial.com\/?p=2734\">Seguir leyendo<span class=\"screen-reader-text\">El im\u00e1n Bergoglio quiere islamizar Europa<\/span><\/a><\/div>\n<p><!-- AddThis Advanced Settings generic via filter on wp_trim_excerpt --><br \/>\n<!-- AddThis Share Buttons generic via filter on wp_trim_excerpt --><\/p>\n","protected":false},"author":426,"featured_media":0,"comment_status":"open","ping_status":"closed","sticky":false,"template":"","format":"standard","meta":{"footnotes":""},"categories":[19],"tags":[1085,1086,196,166],"class_list":["post-2734","post","type-post","status-publish","format-standard","hentry","category-contenidos-encontrados-en-internet","tag-bergoglio","tag-iman","tag-masoneria","tag-papa","entry"],"_links":{"self":[{"href":"https:\/\/www.gnosisprimordial.com\/index.php?rest_route=\/wp\/v2\/posts\/2734","targetHints":{"allow":["GET"]}}],"collection":[{"href":"https:\/\/www.gnosisprimordial.com\/index.php?rest_route=\/wp\/v2\/posts"}],"about":[{"href":"https:\/\/www.gnosisprimordial.com\/index.php?rest_route=\/wp\/v2\/types\/post"}],"author":[{"embeddable":true,"href":"https:\/\/www.gnosisprimordial.com\/index.php?rest_route=\/wp\/v2\/users\/426"}],"replies":[{"embeddable":true,"href":"https:\/\/www.gnosisprimordial.com\/index.php?rest_route=%2Fwp%2Fv2%2Fcomments&post=2734"}],"version-history":[{"count":1,"href":"https:\/\/www.gnosisprimordial.com\/index.php?rest_route=\/wp\/v2\/posts\/2734\/revisions"}],"predecessor-version":[{"id":2735,"href":"https:\/\/www.gnosisprimordial.com\/index.php?rest_route=\/wp\/v2\/posts\/2734\/revisions\/2735"}],"wp:attachment":[{"href":"https:\/\/www.gnosisprimordial.com\/index.php?rest_route=%2Fwp%2Fv2%2Fmedia&parent=2734"}],"wp:term":[{"taxonomy":"category","embeddable":true,"href":"https:\/\/www.gnosisprimordial.com\/index.php?rest_route=%2Fwp%2Fv2%2Fcategories&post=2734"},{"taxonomy":"post_tag","embeddable":true,"href":"https:\/\/www.gnosisprimordial.com\/index.php?rest_route=%2Fwp%2Fv2%2Ftags&post=2734"}],"curies":[{"name":"wp","href":"https:\/\/api.w.org\/{rel}","templated":true}]}}