{"id":2833,"date":"2017-11-21T15:40:23","date_gmt":"2017-11-21T18:40:23","guid":{"rendered":"http:\/\/www.gnosisprimordial.com\/?p=2833"},"modified":"2017-11-21T15:42:23","modified_gmt":"2017-11-21T18:42:23","slug":"a-44-anos-del-primer-ataque-bomba-de-la-triple-a","status":"publish","type":"post","link":"https:\/\/www.gnosisprimordial.com\/?p=2833","title":{"rendered":"20 de Noviembre, D\u00eda de la Soberan\u00eda Nacional: primer golpe de la Triple A"},"content":{"rendered":"<p><img decoding=\"async\" src=\"https:\/\/i2.wp.com\/www.tn24.com.ar\/wp-content\/uploads\/2017\/11\/triplea2.png?resize=517%2C317&amp;ssl=1\" \/><\/p>\n<p>A 44 a\u00f1os del primer ataque bomba de la Triple A<\/p>\n<p>La organizaci\u00f3n peronista paramilitar sembr\u00f3 el terror durante la d\u00e9cada del \u201970, en a\u00f1os convulsionados de la sociedad argentina, y carg\u00f3 contra gran cantidad de pol\u00edticos, sindicalistas y militantes. El primer ataque con explosivos tuvo como blanco al ex senador Hip\u00f3lito Solari Yrigoyen, por su oposici\u00f3n a los beneficios de la burocracia sindical.<\/p>\n<p>La bomba estall\u00f3 cuando encendi\u00f3 el motor de su auto, el 21 de noviembre de 1973, 44 a\u00f1os atr\u00e1s.<\/p>\n<p>Hip\u00f3lito Solari Yrigoyen era senador nacional por la Uni\u00f3n C\u00edvica Radical. Pocos d\u00edas antes, el jueves 16 de noviembre, hab\u00eda expresado su oposici\u00f3n al proyecto de ley de Asociaciones Profesionales, que consolidar\u00eda la \u201coligarqu\u00eda sindical\u201d.<\/p>\n<p>El senador, en el debate, objet\u00f3 la reelecci\u00f3n de autoridades gremiales por m\u00e1s de dos per\u00edodos, la centralizaci\u00f3n de las recaudaciones de las obras sociales y propuso la inclusi\u00f3n de la representaci\u00f3n de las minor\u00edas, en favor de la \u201cdemocracia sindical\u201d.<\/p>\n<p>Su discurso en el Senado dur\u00f3 4 horas y 12 minutos. Finalmente, la ley \u2013enviada por el presidente Per\u00f3n al Congreso- obtuvo media sanci\u00f3n.<\/p>\n<p>\u201cEl debate termin\u00f3 a las cuatro de la ma\u00f1ana. Lorenzo Miguel (jefe de la UOM) lo hab\u00eda presenciado desde el palco. Cuando le preguntaron por mi discurso, respondi\u00f3 \u2018Solari Yrigoyen es desde este momento el enemigo p\u00fablico n\u00famero uno de la clase obrera organizada\u2018. Sosten\u00eda la necesidad de defender a las minor\u00edas, no quer\u00eda el pensamiento \u00fanico. Hab\u00eda participado de la fundaci\u00f3n de la CGT de los Argentinos (CGTA) y hasta mi elecci\u00f3n como senador hab\u00eda sido abogado del gremio ferroviario, conducido por los radicales\u201d, seg\u00fan explic\u00f3 entonces.<\/p>\n<p>El fin de semana posterior al debate, Solari Yrigoyen fue a Puerto Madryn, Chubut, donde viv\u00eda, y el lunes 20 volvi\u00f3 a su estudio jur\u00eddico de Lavalle 1438, en Buenos Aires. Su secretaria le dio un sobre que hab\u00eda recibido con su nombre. Cuando lo abri\u00f3, s\u00f3lo ten\u00eda tres letras: \u201cA A A\u201d. No entendi\u00f3 el significado. El remitente daba una direcci\u00f3n: Tucum\u00e1n 1660, la sede del Comit\u00e9 Capital de la UCR. Envi\u00f3 a su secretar\u00eda para que explicaran qu\u00e9 quer\u00eda decir ese mensaje. Desde la casa radical respondieron que no hab\u00edan enviado la carta y tampoco entend\u00edan el sentido de las tres letras.<\/p>\n<p>Al d\u00eda siguiente, martes 21 de noviembre, Solari Yrigoyen sali\u00f3 de su departamento de la avenida Santa Fe, su residencia secundaria, y fue en busca de su auto, estacionado en la cochera 171 del edificio de Marcelo T de Alvear 1276. Hab\u00eda comprado ese espacio en la d\u00e9cada del \u201960 para guardar su Renault 6. Ese d\u00eda ten\u00eda previsto dar un reportaje junto al dirigente sindical cordob\u00e9s Agust\u00edn Tosco, al que hab\u00eda defendido en su condici\u00f3n de \u201cpreso pol\u00edtico\u201d y visitaba en la c\u00e1rcel de Rawson durante la dictadura del general Lanusse.<\/p>\n<p>Cuando Solari Yrigoyen coloc\u00f3 la llave en el tambor y la gir\u00f3, la bomba estall\u00f3.<\/p>\n<p>\u201cEl Renault 6 era un auto muy fr\u00e1gil y la onda expansiva se fue por todos lados. Si hubiera sido un coche compacto hubiera muerto instant\u00e1neamente. La bomba era para matarme. El coche vol\u00f3 contra la pared de enfrente y empez\u00f3 a incendiarse. Dios me ayud\u00f3 porque alcanc\u00e9 a salir, ca\u00ed envuelto en sangre, y vinieron a auxiliarme\u201d, asegur\u00f3 entonces.<\/p>\n<p>El repudio fue un\u00e1nime. Era la primera vez que se atentaba contra un senador de la Naci\u00f3n desde que hab\u00edan matado dem\u00f3crata progresista Enzo Bordabehere en el recinto, en 1935. Isabel Per\u00f3n, que presid\u00eda el Senado, fue a visitar a Solari Yrigoyen a la cl\u00ednica, acompa\u00f1ada por el ministro de Bienestar Social Jos\u00e9 L\u00f3pez Rega. Llev\u00f3 flores.<\/p>\n<p>\u201cIsabel entr\u00f3 a la habitaci\u00f3n. Dijo \u2018\u00bfqu\u00e9 quieren hacer de este pa\u00eds? \u00bfUna Cuba, un nuevo Chile?\u2019 Como haciendo entender que la ultraizquierda hab\u00eda hecho el atentado\u201d.<\/p>\n<p>Solari Yrigoyen la escuchaba pero no pod\u00eda hablar. Hab\u00eda tenido cinco operaciones, me sent\u00eda muy mal, y se hab\u00eda analizado la posibilidad de cortarle la pierna izquierda, que era la m\u00e1s afectada. El doctor Ya\u00f1ez se opuso terminantemente. Despu\u00e9s pas\u00f3 mucho tiempo en silla de ruedas y desde entonces camina con bast\u00f3n.<\/p>\n<p>A la cl\u00ednica tambi\u00e9n se acerc\u00f3 Lorenzo Miguel. Habl\u00f3 con la esposa de Solari Yrigoyen: \u201cYo no tuve nada que ver\u201d, explic\u00f3.<\/p>\n<p>Solari Yrigoyen cre\u00eda que hab\u00edan sido los \u201cservicios\u201d, o gente vinculada a ellos. \u201cA m\u00ed siempre me ataca la derecha autoritaria\u201d, dec\u00eda. En agosto de 1972, cuando era miembro de la Asociaci\u00f3n Gremial de Abogados, le hab\u00edan puesto una bomba, el mismo d\u00eda de los fusilamientos en la base naval de Trelew. \u201cYo no sab\u00eda qu\u00e9 era la Triple A. Era la primera vez que actuaba. Pusieron la bomba porque estudiaron mis pasos y sab\u00edan que los fines de semana yo viajaba a mi provincia\u201d, explic\u00f3 entonces.<\/p>\n<p>La organizaci\u00f3n \u201cTriple A\u201d (Alianza Anticomunista Argentina) hab\u00eda surgido como una herramienta de \u201cdepuraci\u00f3n interna\u201d para poner freno a la movilizaci\u00f3n de Montoneros y tambi\u00e9n contra sectores de izquierda. De hecho, la Triple A acusaba al radical Solari Yrigoyen de \u201ccomunista\u201d. \u201cEra la \u00e9poca de la Guerra Fr\u00eda. Estaba de moda acusar de comunista a cualquiera que se opusiera a algo\u201d, dir\u00eda tiempo despu\u00e9s. A Eduardo Angeloz, su compa\u00f1ero de bloque en el Senado, lo acusaban de ser \u201cagente del imperialismo\u201d.<\/p>\n<p>En el verano de 1973, Montoneros hab\u00eda tomado protagonismo en la campa\u00f1a electoral de las primeras elecciones libres desde 1951, que llev\u00f3 a C\u00e1mpora al gobierno. Como parte del acuerdo pol\u00edtico con el Movimiento Justicialista presidido por Per\u00f3n, obtuvo cargos en gobiernos provinciales. Era un tiempo en que la pol\u00edtica se hac\u00eda en las calles, barrios o f\u00e1bricas, o en las movilizaciones populares. Los espacios de representaci\u00f3n institucional no resultaban atractivos para la militancia.<\/p>\n<p>El regreso de Per\u00f3n, el 20 de junio de 1973, result\u00f3 el primer quiebre de su relaci\u00f3n con la izquierda peronista. Desde entonces, en el peronismo cl\u00e1sico u ortodoxo, comenz\u00f3 a anidar la idea de \u201cganarles la calle\u201d y restablecer el orden y el control ideol\u00f3gico del Movimiento. El peronismo en \u201cpie de guerra\u201d no era una met\u00e1fora pol\u00edtica.<\/p>\n<p>En agosto de 1973 L\u00f3pez Rega acababa de conformar sus brigadas de custodia con ex polic\u00edas desplazados por delitos criminales y otros que hab\u00eda conocido en su carrera policial en los a\u00f1os \u201950. Ahora se reincorporaban al Ministerio de Bienestar Social. Entre ellos estaba el comisario Morales, Rodolfo Almir\u00f3n, Miguel Rovira, y otro llamado Juan Carlos Lagos. Este \u00faltimo luego ser\u00eda separado de la custodia porque \u2013seg\u00fan declarara en la causa judicial de la Triple A- L\u00f3pez Rega le dijo que \u201cnecesitaba otro tipo de gente menos limpia para hacer los trabajos que \u00e9l quer\u00eda\u201d. Lagos pas\u00f3 a integrar la custodia de Isabel Per\u00f3n seg\u00fan se explica en L\u00f3pez Rega, el peronismo y la Triple A (del autor de este art\u00edculo).<\/p>\n<p>El Ministerio se fue preparando para las acciones paraestatales, con la incorporaci\u00f3n de militantes de agrupaciones \u201cortodoxas\u201d como empleados de planta. Tambi\u00e9n se importaron desde Inglaterra \u2013de contrabando- ametralladoras Sterling, que se guardaban en el dep\u00f3sito del microcine, en el segundo subsuelo del organismo p\u00fablico. Una \u201cley interna\u201d para los que actuaban en actividades armadas indicaba que \u201cno hab\u00eda que llevarse a dormir la ametralladora a la casa\u201d, porque no eran para defensa personal sino para las \u201coperaciones que surg\u00edan desde el mismo Ministerio\u201d.<\/p>\n<p>El asesinato del jefe de la CGT Jos\u00e9 Ignacio Rucci, el 25 de septiembre, por parte de Montoneros, marc\u00f3 el segundo punto de quiebre en la pol\u00edtica del a\u00f1o 1973.<\/p>\n<p>El crimen uni\u00f3 a todos grupos opuestos a la izquierda peronista.<\/p>\n<p>La respuesta fue la \u201cdepuraci\u00f3n interna\u201d en el Movimiento Justicialista por motivos estrictamente ideol\u00f3gicos. La \u201cdepuraci\u00f3n\u201d inclu\u00eda la expulsi\u00f3n de los cargos pol\u00edticos \u2013en todas \u00e1reas del Estado, municipal, provincial y nacional- y tambi\u00e9n, en muchos casos, la eliminaci\u00f3n f\u00edsica.<\/p>\n<p>La primera v\u00edctima de esta pol\u00edtica sucedi\u00f3 en forma simult\u00e1nea a los funerales de Rucci, con la muerte de un militante de la Juventud Peronista en el barrio de Belgrano. Una comisi\u00f3n \u201cmixta\u201d de polic\u00edas y civiles sali\u00f3 del Ministerio con un Rambler oficial, toc\u00f3 el portero el\u00e9ctrico de su departamento y cuando Enrique Grynberg se asom\u00f3 a la calle, lo mataron. El blanco hab\u00eda sido escogido casi al azar para dar una respuesta inmediata.<\/p>\n<p>El 28 de septiembre, un art\u00edculo La Opini\u00f3n registraba la discusi\u00f3n interna entre el Ministerio del Interior y la Polic\u00eda Federal sobre c\u00f3mo deb\u00eda afrontar el Estado atentados como el de Rucci. El ministro del Interior Benito Llamb\u00ed indicaba que deb\u00eda recurrirse a los organismos de seguridad (polic\u00eda, gendarmer\u00eda y \u201cen ning\u00fan caso las Fuerzas Armadas\u201d) y el jefe la Polic\u00eda Federal, general Miguel \u00c1ngel I\u00f1iguez, afirmaba que \u201cla prevenci\u00f3n deb\u00eda hacerse con los mecanismos de seguridad que se han ido forjando en el propio seno del Movimiento\u201d, es decir, por afuera de los mecanismos institucionales.<\/p>\n<p>Esta \u00faltima opci\u00f3n ser\u00eda la acordada por el Consejo Superior Peronista, que se reuni\u00f3 el 1\u00b0 de octubre, en la que participaron legisladores, gobernadores y el presidente electo Juan Per\u00f3n. De all\u00ed surgieron las directivas partidarias para dar respuesta a la \u201cguerra desencadenada contra nuestra organizaci\u00f3n y nuestros dirigentes\u201d, manifestada por la \u201cinfiltraci\u00f3n de grupos marxistas\u201d y el asesinato de dirigentes, en obvia referencia a Rucci.<\/p>\n<p>El coraz\u00f3n del \u201cDocumento reservado\u201d \u2013dado a conocer por La Opini\u00f3n al d\u00eda siguiente- indicaba que el Movimiento ingresaba \u201cen estado de movilizaci\u00f3n de todos sus elementos humanos y materiales para enfrentar esta guerra\u201d y anunciaba que en todos los distritos se organizar\u00eda \u201cun sistema de inteligencia al servicio de esta lucha, el que estar\u00e1 vinculado con el organismo central que se crear\u00e1\u201d.<\/p>\n<p>El Consejo Superior Peronista abr\u00eda las puertas de la acci\u00f3n ilegal: \u201cse utilizar\u00e1n todos los medios de lucha que se consideren eficientes, en cada lugar y oportunidad. La necesidad de los medios que se propongan ser\u00e1 apreciada por los dirigentes de cada distrito. Los compa\u00f1eros peronistas, sin perjuicio de sus funciones espec\u00edficas, deben ajustarse a los prop\u00f3sitos de esta lucha, haciendo actuar todos los elementos de que dispone el Estado para impedir los planes del enemigo y reprimirlo con todo rigor\u201d.<\/p>\n<p>A partir de entonces se inici\u00f3 una etapa de \u201cconurbanizaci\u00f3n\u201d de acciones violentas, que luego se asumir\u00edan bajo la m\u00e1scara de la \u201cTriple A\u201d. La organizaci\u00f3n paraestatal no ten\u00edan un mando centralizado, sus acciones proven\u00edan de distintos \u00e1mbitos, aunque s\u00ed ten\u00edan un \u201cenemigo com\u00fan, la \u201cinfiltraci\u00f3n marxista\u201d en el Movimiento.<\/p>\n<p>La \u201cdepuraci\u00f3n\u201d se defin\u00eda en los territorios locales, seg\u00fan sus propias caracter\u00edsticas y enemigos internos, y a partir de all\u00ed se eleg\u00edan los blancos.<\/p>\n<p>Seis d\u00edas despu\u00e9s del atentado contra Solari Yrigoyen, el 27 de noviembre de 1973, fue muerto Antonio \u201cTito\u201d Deleroni en la estaci\u00f3n ferroviaria de San Miguel. Deleroni era abogado, defensor de presos pol\u00edticos de la Gremial de Abogados y dirigente del Peronismo de Base (PB) de esa localidad.<\/p>\n<p>El azar quiso que un polic\u00eda franco de servicio persiguiera y detuviera a su agresor, a punto de escapar en un Fiat 128. En su declaraci\u00f3n ante el juez Julio Ricardo Villanueva afirm\u00f3 que integraba el \u201cServicio de Inteligencia Peronista (SIP)\u201d y cumpl\u00eda las directivas de \u201cdepurar marxistas\u201c, que surgieron del \u201cDocumento Reservado\u201d del Consejo Superior Peronista. Los dos domicilios que acredit\u00f3 correspond\u00edan, uno a ese organismo, y otro a la unidad b\u00e1sica \u201c20 de Noviembre\u201d, que actuaba en el Ministerio de Bienestar Social**.<\/p>\n<p>La \u201cdepuraci\u00f3n interna\u201d represent\u00f3 un permiso para la impunidad. La idea de, en palabras de Per\u00f3n, de \u201cdesinfectar a tiempo los g\u00e9rmenes del Movimiento Peronista\u201c, conducir\u00eda a la creaci\u00f3n del terror estatal. Per\u00f3n, como presidente, jam\u00e1s condenar\u00eda en forma expl\u00edcita a la Triple A.<\/p>\n<p>Despu\u00e9s de la primera bomba contra Hip\u00f3lito Solari Yrigoyen, el terror paraestatal desplegar\u00eda mayor intensidad, con persecuciones, atentados y centenares de cr\u00edmenes.<\/p>\n<p>El a\u00f1o pasado, por primera vez, cinco miembros de la Triple A fueron condenados por \u201casociaci\u00f3n il\u00edcita\u201d, despu\u00e9s de que la causa judicial permaneciera archivada durante varias d\u00e9cadas.<\/p>\n<!-- AddThis Advanced Settings generic via filter on the_content -->\n<!-- AddThis Share Buttons generic via filter on the_content -->\n","protected":false},"excerpt":{"rendered":"<p>A 44 a\u00f1os del primer ataque bomba de la Triple A La organizaci\u00f3n peronista paramilitar sembr\u00f3 el terror durante la d\u00e9cada del \u201970, en a\u00f1os&#8230;<\/p>\n<div class=\"more-link-wrapper\"><a class=\"more-link\" href=\"https:\/\/www.gnosisprimordial.com\/?p=2833\">Seguir leyendo<span class=\"screen-reader-text\">20 de Noviembre, D\u00eda de la Soberan\u00eda Nacional: primer golpe de la Triple A<\/span><\/a><\/div>\n<p><!-- AddThis Advanced Settings generic via filter on wp_trim_excerpt --><br \/>\n<!-- AddThis Share Buttons generic via filter on wp_trim_excerpt --><\/p>\n","protected":false},"author":426,"featured_media":0,"comment_status":"open","ping_status":"closed","sticky":false,"template":"","format":"standard","meta":{"footnotes":""},"categories":[19],"tags":[1149,1150,1151,909,902,1148,1152,1153],"class_list":["post-2833","post","type-post","status-publish","format-standard","hentry","category-contenidos-encontrados-en-internet","tag-aaa","tag-alianza-anticomunista-argentina","tag-hipolito-solari-yrigoyen","tag-peron","tag-peronismo","tag-triple-a","tag-ucr","tag-union-civica-radical","entry"],"_links":{"self":[{"href":"https:\/\/www.gnosisprimordial.com\/index.php?rest_route=\/wp\/v2\/posts\/2833","targetHints":{"allow":["GET"]}}],"collection":[{"href":"https:\/\/www.gnosisprimordial.com\/index.php?rest_route=\/wp\/v2\/posts"}],"about":[{"href":"https:\/\/www.gnosisprimordial.com\/index.php?rest_route=\/wp\/v2\/types\/post"}],"author":[{"embeddable":true,"href":"https:\/\/www.gnosisprimordial.com\/index.php?rest_route=\/wp\/v2\/users\/426"}],"replies":[{"embeddable":true,"href":"https:\/\/www.gnosisprimordial.com\/index.php?rest_route=%2Fwp%2Fv2%2Fcomments&post=2833"}],"version-history":[{"count":3,"href":"https:\/\/www.gnosisprimordial.com\/index.php?rest_route=\/wp\/v2\/posts\/2833\/revisions"}],"predecessor-version":[{"id":2836,"href":"https:\/\/www.gnosisprimordial.com\/index.php?rest_route=\/wp\/v2\/posts\/2833\/revisions\/2836"}],"wp:attachment":[{"href":"https:\/\/www.gnosisprimordial.com\/index.php?rest_route=%2Fwp%2Fv2%2Fmedia&parent=2833"}],"wp:term":[{"taxonomy":"category","embeddable":true,"href":"https:\/\/www.gnosisprimordial.com\/index.php?rest_route=%2Fwp%2Fv2%2Fcategories&post=2833"},{"taxonomy":"post_tag","embeddable":true,"href":"https:\/\/www.gnosisprimordial.com\/index.php?rest_route=%2Fwp%2Fv2%2Ftags&post=2833"}],"curies":[{"name":"wp","href":"https:\/\/api.w.org\/{rel}","templated":true}]}}