{"id":2845,"date":"2017-11-28T14:29:53","date_gmt":"2017-11-28T17:29:53","guid":{"rendered":"http:\/\/www.gnosisprimordial.com\/?p=2845"},"modified":"2017-11-28T14:34:36","modified_gmt":"2017-11-28T17:34:36","slug":"curiosa-similitud-entre-el-estado-islamico-e-israel-cortarle-la-cabeza-al-cristianismo","status":"publish","type":"post","link":"https:\/\/www.gnosisprimordial.com\/?p=2845","title":{"rendered":"Curiosa similitud entre el Estado Isl\u00e1mico e Israel: cortarle la cabeza al cristianismo"},"content":{"rendered":"<p><em>El Estado Isl\u00e1mico amenaz\u00f3 a los cristianos con una imagen del papa Francisco decapitado<\/em><\/p>\n<p><img decoding=\"async\" src=\"https:\/\/www.infobae.com\/new-resizer\/u5BX5AarLXG7hFahqPPrK82qmYs=\/600x0\/filters:quality(100)\/s3.amazonaws.com\/arc-wordpress-client-uploads\/infobae-wp\/wp-content\/uploads\/2017\/11\/22085321\/Papa-Francisco-ISIS-1.jpg\" \/><\/p>\n<p>El \u00f3rgano de propaganda del grupo yihadista difundi\u00f3 una afiche que simula la decapitaci\u00f3n del l\u00edder cat\u00f3lico por un terrorista. Previamente, hab\u00eda instado a sus seguidores a realizar atentados en el Vaticano<\/p>\n<p>El grupo terrorista Estado Isl\u00e1mico lanz\u00f3 una amenaza de muerte contra los cristianos, al difundir un afiche que muestra al papa Francisco decapitado por un combatiente yihadista y un mensaje de venganza contra Occidente, a pocos d\u00edas de haber instado a sus seguidores a realizar atentados contra el Vaticano.<\/p>\n<p>El montaje muestra al l\u00edder cat\u00f3lico en el suelo y es identificado por su nombre, Jorge Mario Bergoglio. Vestido con el traje de preso naranja, habitual entre las v\u00edctimas del ISIS, tiene la cabeza separada de su cuerpo y sostenida por un terrorista que tiene un cuchillo.<\/p>\n<p>\u00abAdoradores de la cruz. Juro vengar cada gota de sangre que han derramado y cada casa que han destruido. Juro que probar\u00e1n la amargura de las copas de la muerte y har\u00e9 masacres. Ni siquiera disfrutar\u00e1s viviendo en tus hogares, voluntad de Al\u00e1\u00bb, dice el mensaje del afiche.<\/p>\n<p>A punto de ser derrotado en Irak y Siria, el grupo yihadista se ha volcado a intensificar sus medios de propaganda para buscar adeptos entre los \u00ablobos solitarios\u00bb alrededor del mundo. Por ello, sus recientes amenazas se han centrado en figuras de alto perfil que concentran la atenci\u00f3n medi\u00e1tica.<\/p>\n<p>La organizaci\u00f3n terrorista lanz\u00f3 la semana pasada un mensaje que advert\u00eda sobre ataques terroristas en el Vaticano durante las fiestas navide\u00f1as, uno de los eventos m\u00e1s importantes para el cristianismo.<\/p>\n<p>El afiche fue publicado por la Fundaci\u00f3n Wafa Media, af\u00edn al grupo yihadista, que muestra a un hombre enmascarado conduciendo hacia la Bas\u00edlica de San Pedro con un arma y una mochila dentro de un autom\u00f3vil.<\/p>\n<p>Los analistas vienen advirtiendo de un posible aumento de ataques terroristas tras el colapso de ISIS y su califato en Medio Oriente.<\/p>\n<p><strong>Fuente:<\/strong>\u00a0https:\/\/www.infobae.com\/america\/mundo\/2017\/11\/22\/el-estado-islamico-amenazo-a-los-cristianos-con-una-imagen-del-papa-francisco-decapitado\/<\/p>\n<!-- AddThis Advanced Settings generic via filter on the_content -->\n<!-- AddThis Share Buttons generic via filter on the_content -->\n","protected":false},"excerpt":{"rendered":"<p>El Estado Isl\u00e1mico amenaz\u00f3 a los cristianos con una imagen del papa Francisco decapitado El \u00f3rgano de propaganda del grupo yihadista difundi\u00f3 una afiche que&#8230;<\/p>\n<div class=\"more-link-wrapper\"><a class=\"more-link\" href=\"https:\/\/www.gnosisprimordial.com\/?p=2845\">Seguir leyendo<span class=\"screen-reader-text\">Curiosa similitud entre el Estado Isl\u00e1mico e Israel: cortarle la cabeza al cristianismo<\/span><\/a><\/div>\n<p><!-- AddThis Advanced Settings generic via filter on wp_trim_excerpt --><br \/>\n<!-- AddThis Share Buttons generic via filter on wp_trim_excerpt --><\/p>\n","protected":false},"author":426,"featured_media":0,"comment_status":"open","ping_status":"closed","sticky":false,"template":"","format":"standard","meta":{"footnotes":""},"categories":[19],"tags":[1155,866,865,864,1156],"class_list":["post-2845","post","type-post","status-publish","format-standard","hentry","category-contenidos-encontrados-en-internet","tag-decapitar","tag-estado-islamico","tag-isis","tag-israel","tag-mutilar","entry"],"_links":{"self":[{"href":"https:\/\/www.gnosisprimordial.com\/index.php?rest_route=\/wp\/v2\/posts\/2845","targetHints":{"allow":["GET"]}}],"collection":[{"href":"https:\/\/www.gnosisprimordial.com\/index.php?rest_route=\/wp\/v2\/posts"}],"about":[{"href":"https:\/\/www.gnosisprimordial.com\/index.php?rest_route=\/wp\/v2\/types\/post"}],"author":[{"embeddable":true,"href":"https:\/\/www.gnosisprimordial.com\/index.php?rest_route=\/wp\/v2\/users\/426"}],"replies":[{"embeddable":true,"href":"https:\/\/www.gnosisprimordial.com\/index.php?rest_route=%2Fwp%2Fv2%2Fcomments&post=2845"}],"version-history":[{"count":2,"href":"https:\/\/www.gnosisprimordial.com\/index.php?rest_route=\/wp\/v2\/posts\/2845\/revisions"}],"predecessor-version":[{"id":2847,"href":"https:\/\/www.gnosisprimordial.com\/index.php?rest_route=\/wp\/v2\/posts\/2845\/revisions\/2847"}],"wp:attachment":[{"href":"https:\/\/www.gnosisprimordial.com\/index.php?rest_route=%2Fwp%2Fv2%2Fmedia&parent=2845"}],"wp:term":[{"taxonomy":"category","embeddable":true,"href":"https:\/\/www.gnosisprimordial.com\/index.php?rest_route=%2Fwp%2Fv2%2Fcategories&post=2845"},{"taxonomy":"post_tag","embeddable":true,"href":"https:\/\/www.gnosisprimordial.com\/index.php?rest_route=%2Fwp%2Fv2%2Ftags&post=2845"}],"curies":[{"name":"wp","href":"https:\/\/api.w.org\/{rel}","templated":true}]}}