{"id":2922,"date":"2018-02-28T13:34:08","date_gmt":"2018-02-28T16:34:08","guid":{"rendered":"http:\/\/www.gnosisprimordial.com\/?p=2922"},"modified":"2018-02-28T13:46:57","modified_gmt":"2018-02-28T16:46:57","slug":"la-guerra-que-los-terroristas-niegan-y-que-ellos-empezaron","status":"publish","type":"post","link":"https:\/\/www.gnosisprimordial.com\/?p=2922","title":{"rendered":"La guerra que los terroristas niegan\u2026 y que ellos empezaron"},"content":{"rendered":"<p>Escribe: Eduardo Rodolfo Cabanillas (*) (**)<\/p>\n<p>Estoy preso desde el a\u00f1o 2006 y sigo escuchando la idea que est\u00e1 instalada en la sociedad de que un grupo de militares se levantaron y se dedicaron a matar a \u201cj\u00f3venes idealistas\u201d porque ten\u00edan ideas distintas. Ah\u00ed comenz\u00f3 mi calvario. La izquierda, siguiendo las ideas de Gramsci, decidi\u00f3 establecer nuevas pautas culturales y as\u00ed manejar la sociedad para tomar el poder, y el inicio fue negar la existencia de una guerra, como si la guerra revolucionaria que ellos iniciaron no fuera tal.<\/p>\n<p>Se escribieron libros explicando c\u00f3mo se caer\u00edan las democracias y se establecer\u00eda la revoluci\u00f3n universal del comunismo. \u201cHoy en d\u00eda el terrorismo constituye una agresi\u00f3n extranjera contra las democracias. Ya no se trata de un enemigo interior, sino de una amenaza exterior. Las medidas que hay que adoptar han dejado de ser medidas de represi\u00f3n: son medidas de defensa.\u201d (El rechazo del Estado, Sudamericana-Planeta, p\u00e1g. 150). Por esta causa las democracias del mundo entero utilizan sus fuerzas militares para combatirlo.<\/p>\n<p>Cuando el Frente Sandinista de Liberaci\u00f3n tom\u00f3 Nicaragua, se conocieron varias fotos con la presencia de dirigentes \u201cmontoneros\u201d (Firmenich, Vaca Narvaja, y Perd\u00eda, entre otros) y del ERP (Gorriar\u00e1n, Mar\u00eda Seoane, etc.); todos ellos integrando el movimiento genocida de los sandinistas.<\/p>\n<p>Los Montoneros, el ERP, las FAR, el MTP, etc., ten\u00edan el objetivo de establecer una \u201crevoluci\u00f3n seg\u00fan el modelo cubano\u201d, o sea del tipo comunista, una tiran\u00eda totalitaria, violaci\u00f3n de todos los DD.HH., fusilamientos, torturas, encarcelamientos sin juicio por d\u00e9cadas y en condiciones infrahumanas y otras perversidades que se le ocurrieran.<\/p>\n<p>Los ejemplos sobran en Cuba, en Rusia, en Hungr\u00eda, en Vietnam, etc. Al tomar el poder, asesinaron sin juicio a todos los que consideraron \u201cenemigos potenciales de su revoluci\u00f3n\u201d y ah\u00ed estaban quienes intentan hacer creer que fueron perseguidos y combatidos por pensar distinto. Hablo de los montoneros y los erpianos que est\u00e1n al servicio de la revoluci\u00f3n comunista internacional, agregando hoy al resto de la izquierda marxista y a los Kirchneristas totalmente ideologizados que robaron y hoy dicen ser v\u00edctimas inocentes. Ni hablar de di\u00e1logo, solo confrontaci\u00f3n; es imposible entablar un di\u00e1logo pol\u00edtico fecundo y constructivo, nos cuesta enormemente sentarnos a conversar con quienes tienen ideas distintas de las nuestras tratando de encontrar zonas de coincidencia o de inter\u00e9s com\u00fan. Falta esp\u00edritu de di\u00e1logo, nos resulta mucho m\u00e1s f\u00e1cil alentar el \u00e1nimo de confrontaci\u00f3n exacerbando las discrepancias. El grado de violencia de los terroristas hab\u00eda llegado a tal punto que el 16 de diciembre de 1975 se expres\u00f3: \u201cante la lucha total, sofisticada y compleja, despiadada, diab\u00f3lica y criminal promovida por la subversi\u00f3n armada, queda una sola alternativa: el exterminio total del enemigo\u201d. Ese era el clima de esos a\u00f1os y se dieron \u00f3rdenes desde el gobierno constitucional y justicialista de \u201caniquilar la subversi\u00f3n\u201d y dar intervenci\u00f3n a las FF.AA.<\/p>\n<p>Lo que es una verdad hist\u00f3rica irrebatible es que \u201cla guerra terrorista\u201d la empezaron el ERP, Montoneros, FAR, FAP, etc., que agredieron a un gobierno constitucional y que nuestra reacci\u00f3n fue en leg\u00edtima defensa, y es un principio b\u00e1sico de la civilizaci\u00f3n occidental republicana distinguir la agresi\u00f3n de la leg\u00edtima defensa. Si despu\u00e9s de la segunda guerra mundial se hubiese seguido la idea de Baltazar Garz\u00f3n, Verbitsky, Bonasso, Eduardo Duhalde, N\u00e9stor Kirchner, Zaffaroni y otros que hoy se llaman garantistas, en N\u00fcremberg se hubiera condenado a Churchill y a Roosevelt, a sus Fuerzas A\u00e9reas y a sus militares en general por los bombardeos de las ciudades alemanas y japonesas.<\/p>\n<p>La guerra es un exceso en s\u00ed misma y la confusi\u00f3n actual viene por la constante negaci\u00f3n de la guerra revolucionaria que ellos mismos proclamaron e iniciaron.<\/p>\n<p>En nuestro pa\u00eds rige la t\u00e1ctica de la confrontaci\u00f3n permanente y de la descalificaci\u00f3n del adversario, se exacerban las divisiones pol\u00edticas y sociales y se reviven continuamente los enconos del pasado, alentando los enfrentamientos y culpando de todos los males a las instituciones que tuvieron alg\u00fan protagonismo en otros tiempos; se supone que gobernar es confrontar, destruir al enemigo y\/o plantar encrucijadas y antinomias de la que solo puede salirse con la derrota total del otro bando, mientras que nadie habla del grave da\u00f1o que se le est\u00e1 infiriendo a la Naci\u00f3n.<\/p>\n<p>En un pa\u00eds que tiene por debajo de la l\u00ednea de pobreza a tanta gente resulta inaceptable que se siga utilizando la confrontaci\u00f3n y la provocaci\u00f3n como t\u00e1cticas para acumular poder.<\/p>\n<p>Solo cuando el di\u00e1logo sereno sustituya a la conflictividad permanente y cuando existan pol\u00edticas del Estado compartidas por todos los sectores podremos hablar de una Argentina con madurez y con plena responsabilidad c\u00edvica.<\/p>\n<p>(*) Gral. Divisi\u00f3n Retirado<br \/>\nPreso Pol\u00edtico Argentino<\/p>\n<p>(**) T\u00edtulo original: \u201cNuestra Patria hoy\u201d.<\/p>\n<p><strong>Fuente:<\/strong>\u00a0<a href=\"http:\/\/davidrey.com.ar\/la-guerra-los-terroristas-niegan-empezaron\/\">http:\/\/davidrey.com.ar\/la-guerra-los-terroristas-niegan-empezaron\/<\/a><\/p>\n<!-- AddThis Advanced Settings generic via filter on the_content -->\n<!-- AddThis Share Buttons generic via filter on the_content -->\n","protected":false},"excerpt":{"rendered":"<p>Escribe: Eduardo Rodolfo Cabanillas (*) (**) Estoy preso desde el a\u00f1o 2006 y sigo escuchando la idea que est\u00e1 instalada en la sociedad de que&#8230;<\/p>\n<div class=\"more-link-wrapper\"><a class=\"more-link\" href=\"https:\/\/www.gnosisprimordial.com\/?p=2922\">Seguir leyendo<span class=\"screen-reader-text\">La guerra que los terroristas niegan\u2026 y que ellos empezaron<\/span><\/a><\/div>\n<p><!-- AddThis Advanced Settings generic via filter on wp_trim_excerpt --><br \/>\n<!-- AddThis Share Buttons generic via filter on wp_trim_excerpt --><\/p>\n","protected":false},"author":426,"featured_media":0,"comment_status":"open","ping_status":"closed","sticky":false,"template":"","format":"standard","meta":{"footnotes":""},"categories":[19],"tags":[1181,974,1180,1051,1179],"class_list":["post-2922","post","type-post","status-publish","format-standard","hentry","category-contenidos-encontrados-en-internet","tag-cabanillas","tag-erp","tag-frente-sandinista-liberacion","tag-montoneros","tag-preso-politico","entry"],"_links":{"self":[{"href":"https:\/\/www.gnosisprimordial.com\/index.php?rest_route=\/wp\/v2\/posts\/2922","targetHints":{"allow":["GET"]}}],"collection":[{"href":"https:\/\/www.gnosisprimordial.com\/index.php?rest_route=\/wp\/v2\/posts"}],"about":[{"href":"https:\/\/www.gnosisprimordial.com\/index.php?rest_route=\/wp\/v2\/types\/post"}],"author":[{"embeddable":true,"href":"https:\/\/www.gnosisprimordial.com\/index.php?rest_route=\/wp\/v2\/users\/426"}],"replies":[{"embeddable":true,"href":"https:\/\/www.gnosisprimordial.com\/index.php?rest_route=%2Fwp%2Fv2%2Fcomments&post=2922"}],"version-history":[{"count":1,"href":"https:\/\/www.gnosisprimordial.com\/index.php?rest_route=\/wp\/v2\/posts\/2922\/revisions"}],"predecessor-version":[{"id":2923,"href":"https:\/\/www.gnosisprimordial.com\/index.php?rest_route=\/wp\/v2\/posts\/2922\/revisions\/2923"}],"wp:attachment":[{"href":"https:\/\/www.gnosisprimordial.com\/index.php?rest_route=%2Fwp%2Fv2%2Fmedia&parent=2922"}],"wp:term":[{"taxonomy":"category","embeddable":true,"href":"https:\/\/www.gnosisprimordial.com\/index.php?rest_route=%2Fwp%2Fv2%2Fcategories&post=2922"},{"taxonomy":"post_tag","embeddable":true,"href":"https:\/\/www.gnosisprimordial.com\/index.php?rest_route=%2Fwp%2Fv2%2Ftags&post=2922"}],"curies":[{"name":"wp","href":"https:\/\/api.w.org\/{rel}","templated":true}]}}