{"id":2980,"date":"2018-05-16T15:49:24","date_gmt":"2018-05-16T18:49:24","guid":{"rendered":"http:\/\/www.gnosisprimordial.com\/?p=2980"},"modified":"2018-05-16T15:49:24","modified_gmt":"2018-05-16T18:49:24","slug":"lo-que-evita-pensaba-de-la-izquierda-y-de-la-lucha-armada","status":"publish","type":"post","link":"https:\/\/www.gnosisprimordial.com\/?p=2980","title":{"rendered":"Lo que Evita pensaba de la izquierda y de la lucha armada"},"content":{"rendered":"<p>Copia textual del Cap\u00edtulo V de su libro \u201cLa Raz\u00f3n de mi vida\u201d, p\u00e1ginas 27 a 30, de la Edici\u00f3n de agosto de 1952.<\/p>\n<p>CAP\u00cdTULO V:<\/p>\n<p>ME RESIGN\u00c9 A SER V\u00cdCTIMA<\/p>\n<p>Un d\u00eda me asom\u00e9, por la curiosidad que derivaba de mi inclinaci\u00f3n, a la prensa que se dec\u00eda del pueblo.<\/p>\n<p>Buscaba una compa\u00f1\u00eda\u2026 \u00bfNo es acaso verdad que casi siempre, en los libros, en los libros y diarios que leemos, buscamos m\u00e1s una compa\u00f1\u00eda que un camino para recorrer o una gu\u00eda que nos conduzca?<\/p>\n<p>Por eso tal vez le\u00ed la prensa de izquierda de nuestro pa\u00eds; pero no encontr\u00e9 en ella ni compa\u00f1\u00eda, ni camino y menos quien me guiase.<\/p>\n<p>Los \u201cdiarios del pueblo\u201d condenaban, es verdad, al capital y a determinados ricos con lenguaje duro y fuerte, se\u00f1alando los defectos del r\u00e9gimen social oprobioso que aguantaba el pa\u00eds.<\/p>\n<p>Pero en los detalles, y a\u00fan en el fondo de la pr\u00e9dica que sosten\u00edan, se ve\u00eda f\u00e1cilmente la influencia de ideas remotas, muy alejadas de todo lo argentino; sistemas y f\u00f3rmulas ajenas de hombres extra\u00f1os a nuestra tierra y a nuestros sentimientos.<\/p>\n<p>Se ve\u00eda bien claro que lo que ellos deseaban para el pueblo argentino no vendr\u00eda del mismo pueblo. Y esta comprobaci\u00f3n me puso de inmediato en guardia.<\/p>\n<p>Me repugnaba asimismo otra cosa: que la f\u00f3rmula para la soluci\u00f3n de la injusticia social fuese un sistema igual y com\u00fan para todos los pa\u00edses y para todos los pueblos y yo no pod\u00eda concebir que para destruir un mal tan grande fuese necesario atacar y aniquilar algo tan natural y tan grande tambi\u00e9n, como es la Patria.<\/p>\n<p>Quiero aclarar aqu\u00ed que hasta no hace muchos a\u00f1os, en este pa\u00eds, muchos \u201cdirigentes\u201d sindicales (a sueldo) consideraban que la Patria y sus s\u00edmbolos eran prejuicios del capitalismo, lo mismo que la religi\u00f3n.<\/p>\n<p>El cambio que despu\u00e9s hicieron es otra raz\u00f3n que me hizo desconfiar de la sinceridad de estos \u201cardientes defensores del pueblo\u201d.<\/p>\n<p>La lectura de la prensa que ellos difund\u00edan me llev\u00f3, eso s\u00ed, a la conclusi\u00f3n de que la injusticia social de mi Patria s\u00f3lo podr\u00eda ser aniquilada por una revoluci\u00f3n; pero me resultaba imposible aceptarla como una revoluci\u00f3n internacional venida desde afuera y creada por hombres extra\u00f1os a nuestra manera de ser y de pensar.<\/p>\n<p>Yo s\u00f3lo pod\u00eda concebir soluciones caseras, resolviendo problemas a la vista, soluciones simples y no complicadas teor\u00edas econ\u00f3micas; en fin, soluciones patri\u00f3ticas, nacionales como el propio pueblo que deb\u00edan redimir.<\/p>\n<p>\u00bfPara qu\u00e9 -me dec\u00eda yo- aumentar, por otra parte, la desgracia de los que padecen la injusticia quit\u00e1ndoles, de ese mundo que estaban acostumbrados a contemplar, la visi\u00f3n de la Patria y de la Fe?<\/p>\n<p>Me dec\u00eda que era como quitar el cielo de un paisaje.<\/p>\n<p>\u00bfPor qu\u00e9, en vez de atacar constantemente a la Patria y a la religi\u00f3n, no trataban los \u201cdirigentes del pueblo\u201d de poner esas fuerzas morales al servicio de la causa de la redenci\u00f3n del pueblo?<\/p>\n<p>Sospech\u00e9 que aquella gente trabajaba m\u00e1s por el bienestar de los obreros, por debilitar a la naci\u00f3n en sus fuerzas morales.<\/p>\n<p>\u00a1No me gust\u00f3 el remedio para la enfermedad!<\/p>\n<p>Yo sab\u00eda poco pero me guiaba mi coraz\u00f3n y mi sentido com\u00fan y volv\u00ed a mis pensamientos de antes y a mis propios pensamientos, convencida de que no ten\u00eda nada que hacer en aquella clase de luchas.<\/p>\n<p>Me resign\u00e9 a vivir en la \u00edntima rebeld\u00eda de mi indignaci\u00f3n.<\/p>\n<p>A mi natural indignaci\u00f3n por la injusticia social se a\u00f1adi\u00f3, desde entonces, la indignaci\u00f3n que hab\u00edan levantado en mi coraz\u00f3n, las soluciones que propon\u00edan y la deslealtad de los presuntos \u201cconductores del pueblo\u201d que acababa de conocer.<\/p>\n<p>\u00a1Me resign\u00e9 a ser v\u00edctima!<\/p>\n<!-- AddThis Advanced Settings generic via filter on the_content -->\n<!-- AddThis Share Buttons generic via filter on the_content -->\n","protected":false},"excerpt":{"rendered":"<p>Copia textual del Cap\u00edtulo V de su libro \u201cLa Raz\u00f3n de mi vida\u201d, p\u00e1ginas 27 a 30, de la Edici\u00f3n de agosto de 1952. CAP\u00cdTULO&#8230;<\/p>\n<div class=\"more-link-wrapper\"><a class=\"more-link\" href=\"https:\/\/www.gnosisprimordial.com\/?p=2980\">Seguir leyendo<span class=\"screen-reader-text\">Lo que Evita pensaba de la izquierda y de la lucha armada<\/span><\/a><\/div>\n<p><!-- AddThis Advanced Settings generic via filter on wp_trim_excerpt --><br \/>\n<!-- AddThis Share Buttons generic via filter on wp_trim_excerpt --><\/p>\n","protected":false},"author":426,"featured_media":0,"comment_status":"open","ping_status":"closed","sticky":false,"template":"","format":"standard","meta":{"footnotes":""},"categories":[19],"tags":[1190,1202],"class_list":["post-2980","post","type-post","status-publish","format-standard","hentry","category-contenidos-encontrados-en-internet","tag-eva-peron","tag-evita","entry"],"_links":{"self":[{"href":"https:\/\/www.gnosisprimordial.com\/index.php?rest_route=\/wp\/v2\/posts\/2980","targetHints":{"allow":["GET"]}}],"collection":[{"href":"https:\/\/www.gnosisprimordial.com\/index.php?rest_route=\/wp\/v2\/posts"}],"about":[{"href":"https:\/\/www.gnosisprimordial.com\/index.php?rest_route=\/wp\/v2\/types\/post"}],"author":[{"embeddable":true,"href":"https:\/\/www.gnosisprimordial.com\/index.php?rest_route=\/wp\/v2\/users\/426"}],"replies":[{"embeddable":true,"href":"https:\/\/www.gnosisprimordial.com\/index.php?rest_route=%2Fwp%2Fv2%2Fcomments&post=2980"}],"version-history":[{"count":1,"href":"https:\/\/www.gnosisprimordial.com\/index.php?rest_route=\/wp\/v2\/posts\/2980\/revisions"}],"predecessor-version":[{"id":2981,"href":"https:\/\/www.gnosisprimordial.com\/index.php?rest_route=\/wp\/v2\/posts\/2980\/revisions\/2981"}],"wp:attachment":[{"href":"https:\/\/www.gnosisprimordial.com\/index.php?rest_route=%2Fwp%2Fv2%2Fmedia&parent=2980"}],"wp:term":[{"taxonomy":"category","embeddable":true,"href":"https:\/\/www.gnosisprimordial.com\/index.php?rest_route=%2Fwp%2Fv2%2Fcategories&post=2980"},{"taxonomy":"post_tag","embeddable":true,"href":"https:\/\/www.gnosisprimordial.com\/index.php?rest_route=%2Fwp%2Fv2%2Ftags&post=2980"}],"curies":[{"name":"wp","href":"https:\/\/api.w.org\/{rel}","templated":true}]}}