{"id":2996,"date":"2018-06-21T15:17:36","date_gmt":"2018-06-21T18:17:36","guid":{"rendered":"http:\/\/www.gnosisprimordial.com\/?p=2996"},"modified":"2018-06-21T15:20:55","modified_gmt":"2018-06-21T18:20:55","slug":"la-politica-pro-vida-de-peron-en-1974-olvidada-por-sus-seguidores","status":"publish","type":"post","link":"https:\/\/www.gnosisprimordial.com\/?p=2996","title":{"rendered":"La pol\u00edtica pro-vida de Per\u00f3n en 1974, olvidada por sus seguidores"},"content":{"rendered":"<div class=\"row\">\n<div class=\"col-xs-12 col-print-12\">\n<p class=\"element element-paragraph\"><em>\u00abSomos uno de los pa\u00edses m\u00e1s despoblados de Am\u00e9rica Latina\u00bb.<\/em><\/p>\n<\/div>\n<\/div>\n<div class=\"row\">\n<div class=\"col-xs-12 col-print-12\">\n<p class=\"element element-paragraph\"><em>\u00abNuestro bajo crecimiento demogr\u00e1fico se debe a la constante declinaci\u00f3n de la natalidad\u00bb.<\/em><\/p>\n<\/div>\n<\/div>\n<div class=\"row\">\n<div class=\"col-xs-12 col-print-12\">\n<p class=\"element element-paragraph\"><em>\u00abSi bien esta tendencia cultural es dif\u00edcilmente reversible, puede moderarse en su intensidad mediante una pol\u00edtica de protecci\u00f3n a la familia, por la cual el tener hijos no sea econ\u00f3micamente gravoso\u00bb.<\/em><\/p>\n<\/div>\n<\/div>\n<div class=\"row\">\n<div class=\"col-xs-12 col-print-12\">\n<p class=\"element element-paragraph\">Esos eran algunos de los\u00a0<strong>argumentos adelantados en el Plan Trienal para la Reconstrucci\u00f3n y la Liberaci\u00f3n Nacional<\/strong>\u00a0presentado por Juan Domingo Per\u00f3n al iniciarse su tercer mandato presidencial, en diciembre de 1973.<\/p>\n<\/div>\n<\/div>\n<div class=\"row\">\n<div id=\"\" class=\"wrapper clearfix pb-feature pb-layout-item pb-f-ads-dfp left-align\">\n<div id=\"inline\" class=\"ad-slot\">\n<div id=\"inline_ad\" data-google-query-id=\"CLSptsSt5dsCFYOnyAodXVMGFA\">\n<div id=\"google_ads_iframe_\/1058609\/infobae\/sociedad\/nota\/inline_0__container__\">Unos a\u00f1os antes, todav\u00eda desde el exilio, Per\u00f3n hab\u00eda adelantado sus convicciones sobre este tema en\u00a0<strong>una imperdible entrevista con Bernardo Neustadt,<\/strong>\u00a0como se ver\u00e1 m\u00e1s adelante.<\/div>\n<div><\/div>\n<div><em>El poblamiento del vasto territorio argentino fue una de las preocupaciones y ocupaciones de nuestras elites<\/em><\/div>\n<\/div>\n<\/div>\n<\/div>\n<\/div>\n<div class=\"row\">\n<div class=\"col-xs-12 col-print-12\">\n<p class=\"element element-paragraph\">Pero en realidad, desde los tiempos fundacionales de nuestro pa\u00eds, el poblamiento del vasto territorio argentino fue una de las preocupaciones y ocupaciones de nuestras elites; inexplicablemente ausente del debate actual.\u00a0<strong>Per\u00f3n fue el \u00faltimo estadista en formular una pol\u00edtica global al respecto<\/strong>.<\/p>\n<\/div>\n<\/div>\n<div class=\"row\">\n<figure class=\"element element-image col-xs-12\">\n<div class=\"single-image\">\n<div class=\"shares\"><\/div>\n<p><img decoding=\"async\" id=\"4FGXAGL44VDSPP2CTX4XVCLLFU\" class=\"image-lazy\" src=\"https:\/\/www.infobae.com\/new-resizer\/-K29iiehmKapPg38iOD-r12kM-0=\/600x0\/filters:quality(100)\/s3.amazonaws.com\/arc-wordpress-client-uploads\/infobae-wp\/wp-content\/uploads\/2018\/03\/02184106\/Peron-1974-1920.jpg\" alt=\"\" width=\"750\" height=\"422.32142857142856\" data-url=\"https:\/\/www.infobae.com\/sociedad\/2018\/03\/03\/la-politica-pro-vida-de-peron-en-1974-olvidada-por-sus-seguidores\/%234FGXAGL44VDSPP2CTX4XVCLLFU\" data-original=\"https:\/\/www.infobae.com\/new-resizer\/-K29iiehmKapPg38iOD-r12kM-0=\/600x0\/filters:quality(100)\/s3.amazonaws.com\/arc-wordpress-client-uploads\/infobae-wp\/wp-content\/uploads\/2018\/03\/02184106\/Peron-1974-1920.jpg\" \/><\/p>\n<\/div><figcaption class=\"\"><\/figcaption><\/figure>\n<\/div>\n<div class=\"row\">\n<div class=\"col-xs-12 col-print-12\">\n<p class=\"element element-paragraph\">Hoy, nadie evoca esta dimensi\u00f3n poblacional en la discusi\u00f3n sobre la legalizaci\u00f3n del aborto, a pesar de que los argumentos adelantados hacen, entre otras cosas, a\u00a0<strong>su uso como regulador de la natalidad<\/strong>. El debate est\u00e1 pretendidamente despolitizado; se busca incluso reducirlo a un problema de salud p\u00fablica y, a la vez, parad\u00f3jicamente, a una dimensi\u00f3n estrictamente privada, personal, un \u00abderecho\u00bb de la mujer.<\/p>\n<\/div>\n<\/div>\n<div class=\"row\">\n<div class=\"col-xs-12 col-print-12\">\n<p class=\"element element-paragraph\">Para el gobierno peronista del 73, en cambio, el crecimiento de la poblaci\u00f3n era un imperativo y en el\u00a0<strong>Plan Trienal (1974-77)<\/strong>\u00a0se preve\u00edan medidas para aumentar la fecundidad, reducir la mortalidad y fomentar la inmigraci\u00f3n.<\/p>\n<\/div>\n<\/div>\n<div class=\"row\">\n<div class=\"col-xs-12 col-print-12\">\n<p class=\"element element-paragraph\">Se advert\u00eda acerca de las \u00ab<strong>serias consecuencias sociales (del envejecimiento de la estructura poblacional) en lo referente a la vitalidad del pa\u00eds<\/strong>\u00a0y a las perspectivas para su futuro\u00bb y sus \u00abgraves consecuencias econ\u00f3micas, que se reflejan en la excesiva proporci\u00f3n de poblaci\u00f3n pasiva con respecto a la activa\u00bb.<\/p>\n<\/div>\n<\/div>\n<div class=\"row\">\n<div class=\"col-xs-12 col-print-12\">\n<p class=\"element element-paragraph\">El documento (<a href=\"http:\/\/www.ruinasdigitales.com\/revistas\/Plan%20Trienal.pdf\" target=\"_blank\" rel=\"noopener\">que puede verse completo cliqueando aqu\u00ed<\/a>) exaltaba las virtudes de la inmigraci\u00f3n, calificada como \u00abun factor indispensable para el desarrollo de una Argentina moderna\u00bb y se\u00f1alaba que \u00abla casi interrupci\u00f3n de ese movimiento\u00bb nos hab\u00eda dejado librados \u00aba las d\u00e9biles tendencias vegetativas ya mencionadas\u00bb.<\/p>\n<\/div>\n<\/div>\n<div class=\"row\">\n<div class=\"col-xs-12 col-print-12\">\n<p class=\"element element-paragraph\">\u00abLa inmigraci\u00f3n -dec\u00eda el Plan Trienal- tiene sobre cualquier pa\u00eds un triple efecto demogr\u00e1fico: el aumento directo de la poblaci\u00f3n general, el mayor aumento de la poblaci\u00f3n activa, por la alta proporci\u00f3n de j\u00f3venes inmigrantes y, por la misma raz\u00f3n, el aumento de la poblaci\u00f3n fecunda, lo que a su vez influye en el incremento de la natalidad\u00bb.<\/p>\n<\/div>\n<\/div>\n<div class=\"row\">\n<figure class=\"element element-image col-xs-12\">\n<div class=\"single-image\">\n<div class=\"shares\"><\/div>\n<p><img decoding=\"async\" id=\"DUKH7W6FSZEHZEOLUKQNXVUVKI\" class=\"image-lazy\" src=\"https:\/\/www.infobae.com\/new-resizer\/tFou4Y4CTbdgDlrPU0kd8QTtXMA=\/600x0\/filters:quality(100)\/s3.amazonaws.com\/arc-wordpress-client-uploads\/infobae-wp\/wp-content\/uploads\/2018\/03\/02184114\/Peron-Plan-Trienal.jpg\" alt=\"\" width=\"750\" height=\"1000.0\" data-url=\"https:\/\/www.infobae.com\/sociedad\/2018\/03\/03\/la-politica-pro-vida-de-peron-en-1974-olvidada-por-sus-seguidores\/%23DUKH7W6FSZEHZEOLUKQNXVUVKI\" data-original=\"https:\/\/www.infobae.com\/new-resizer\/tFou4Y4CTbdgDlrPU0kd8QTtXMA=\/600x0\/filters:quality(100)\/s3.amazonaws.com\/arc-wordpress-client-uploads\/infobae-wp\/wp-content\/uploads\/2018\/03\/02184114\/Peron-Plan-Trienal.jpg\" \/><\/p>\n<\/div><figcaption class=\"\"><\/figcaption><\/figure>\n<\/div>\n<div class=\"row\">\n<div class=\"col-xs-12 col-print-12\">\n<p class=\"element element-paragraph\">De hecho,\u00a0<a href=\"https:\/\/www.infobae.com\/sociedad\/2017\/10\/28\/poblacion-la-argentina-volvera-a-ser-el-tercer-pais-de-la-region-recien-en-2050\/\" target=\"_blank\" rel=\"noopener\">como se se\u00f1al\u00f3 recientemente en este medio<\/a>, uno de las factores que en la actualidad\u00a0<strong>ha aportado cierto dinamismo a nuestro crecimiento poblacional es la inmigraci\u00f3n<\/strong>\u00a0que, a diferencia de lo que se se\u00f1alaba en el Plan Trienal de 1974, se ha reanudado en Argentina, especialmente desde los pa\u00edses vecinos.<\/p>\n<\/div>\n<\/div>\n<div class=\"row\">\n<div class=\"col-xs-12 col-print-12\">\n<p class=\"element element-paragraph\">El plan de gobierno de Per\u00f3n tambi\u00e9n alud\u00eda al desequilibrio poblacional entre Buenos Aires y el interior, aclarando que no era un fen\u00f3meno directamente atribuible a la demograf\u00eda sino al desarrollo.<\/p>\n<\/div>\n<\/div>\n<div class=\"row\">\n<div class=\"col-xs-12 col-print-12\">\n<p class=\"element element-paragraph\">Con realismo, se se\u00f1alaba que, en materia de natalidad, la acci\u00f3n ser\u00eda \u00abnecesariamente a largo plazo\u00bb, por lo que la meta en el breve per\u00edodo del Plan, era \u00abla no reducci\u00f3n de la natalidad\u00bb, es decir,\u00a0<strong>el freno a su \u00abtendencia declinante\u00bb.<\/strong><\/p>\n<\/div>\n<\/div>\n<div class=\"row\">\n<div class=\"col-xs-12 col-print-12\">\n<p class=\"element element-paragraph\">Se propon\u00eda entonces como objetivos b\u00e1sicos \u00abreducir la mortalidad, aumentar la natalidad y aumentar y orientar la inmigraci\u00f3n\u00bb.<\/p>\n<\/div>\n<\/div>\n<div class=\"row\">\n<div class=\"col-xs-12 col-print-12\">\n<p class=\"element element-paragraph\">Todo ello con el fin de alcanzar la meta de\u00a0<strong>50 millones de argentinos para el a\u00f1o 2000.<\/strong><\/p>\n<\/div>\n<\/div>\n<div class=\"row\">\n<div class=\"col-xs-12 col-print-12\">\n<p class=\"element element-paragraph\">En \u00ab<a href=\"http:\/\/sedici.unlp.edu.ar\/handle\/10915\/11508\" target=\"_blank\" rel=\"noopener\">La pol\u00edtica demogr\u00e1fica del tercer gobierno peronista<\/a>\u00ab,\u00a0<strong>Karina Alejandra Felitti<\/strong>\u00a0(UBA-Conicet) destaca una de las medidas concretas adoptadas en el marco de este plan: el\u00a0<strong>decreto 659, del 28 de febrero de 1974<\/strong>, que establec\u00eda un control m\u00e1s estricto de la venta de anticonceptivos y prohib\u00eda las campa\u00f1as de control de la natalidad, llegando incluso a recomendar actividades de difusi\u00f3n sobre los riesgos de ciertos m\u00e9todos anticonceptivos.<\/p>\n<p class=\"element element-paragraph\"><em>El decreto de Per\u00f3n alud\u00eda al accionar de \u2018intereses no argentinos\u2019 detr\u00e1s de la promoci\u00f3n del control de la natalidad<\/em><\/p>\n<\/div>\n<\/div>\n<div class=\"row\">\n<div class=\"col-xs-12 col-print-12\">\n<p class=\"element element-paragraph\">En sus fundamentos, el decreto alud\u00eda al accionar de \u00abintereses no argentinos\u00bb que desalentaban la consolidaci\u00f3n y expansi\u00f3n de las familias, \u00abpromoviendo el control de la natalidad, desnaturalizando la fundamental funci\u00f3n maternal de la mujer y distrayendo a nuestros j\u00f3venes de su natural deber como protagonistas del futuro de la patria\u00bb.<\/p>\n<\/div>\n<\/div>\n<div class=\"row\">\n<div class=\"col-xs-12 col-print-12\">\n<p class=\"element element-paragraph\">Un mes m\u00e1s tarde, se creaba la\u00a0<strong>Comisi\u00f3n Nacional de Pol\u00edtica Demogr\u00e1fica<\/strong>, en el \u00e1mbito del Ministerio del Interior. Su misi\u00f3n ser\u00eda \u00abproyectar una pol\u00edtica nacional de poblaci\u00f3n e intensificar el crecimiento cuantitativo y cualitativo de la poblaci\u00f3n argentina y su m\u00e1s adecuada distribuci\u00f3n regional\u00bb.<\/p>\n<\/div>\n<\/div>\n<div class=\"row\">\n<div class=\"col-xs-12 col-print-12\">\n<p class=\"element element-paragraph\">La alusi\u00f3n a \u00abintereses no argentinos\u00bb se vincula al origen de las teor\u00edas neo-malthusianas de entonces que ve\u00edan en el excesivo crecimiento demogr\u00e1fico del Tercer Mundo la causa de su subdesarrollo.<\/p>\n<\/div>\n<\/div>\n<div class=\"row\">\n<div class=\"col-xs-12 col-print-12\">\n<p class=\"element element-paragraph\">De hecho, el puntapi\u00e9 inicial a las campa\u00f1as de control de natalidad hacia los pa\u00edses perif\u00e9ricos lo hab\u00eda dado el Banco Mundial en 1968 bajo la presidencia de Robert McNamara, que antes se hab\u00eda desempe\u00f1ado como Secretario de Defensa durante las gestiones de\u00a0John Kennedy y Lyndon Johnson.<\/p>\n<\/div>\n<\/div>\n<div class=\"row\" style=\"text-align: center;\">\n<figure class=\"element element-image col-xs-12\">\n<div class=\"single-image\">\n<div class=\"shares\"><\/div>\n<p><img decoding=\"async\" id=\"VUNPS7RTN5DBZF3PGFGWSD2W74\" class=\"image-lazy\" src=\"https:\/\/www.infobae.com\/new-resizer\/OEosTfmyfOp4PyCOl0FEiUDIgCQ=\/600x0\/filters:quality(100)\/s3.amazonaws.com\/arc-wordpress-client-uploads\/infobae-wp\/wp-content\/uploads\/2018\/02\/10155435\/Robert-McNamara.jpg\" alt=\"Robert McNamara presidi\u00f3 el Banco Mundial de 1968 a 1981\" width=\"750\" height=\"421.42857142857144\" data-url=\"https:\/\/www.infobae.com\/sociedad\/2018\/03\/03\/la-politica-pro-vida-de-peron-en-1974-olvidada-por-sus-seguidores\/%23VUNPS7RTN5DBZF3PGFGWSD2W74\" data-original=\"https:\/\/www.infobae.com\/new-resizer\/OEosTfmyfOp4PyCOl0FEiUDIgCQ=\/600x0\/filters:quality(100)\/s3.amazonaws.com\/arc-wordpress-client-uploads\/infobae-wp\/wp-content\/uploads\/2018\/02\/10155435\/Robert-McNamara.jpg\" \/><\/p>\n<\/div><figcaption class=\"\"><em><span class=\"credit\">Robert McNamara presidi\u00f3 el Banco Mundial de 1968 a 1981<\/span><\/em><\/figcaption><\/figure>\n<\/div>\n<div class=\"row\">\n<div class=\"col-xs-12 col-print-12\">\n<p class=\"element element-paragraph\"><strong>\u00abEl r\u00e1pido crecimiento demogr\u00e1fico es una de las mayores barreras que obstaculizan el crecimiento econ\u00f3mico y el bienestar social de nuestros Estados miembros\u00bb,<\/strong>dec\u00eda McNamara, el 30 de septiembre de 1968, al asumir la presidencia del Banco Mundial, que ejercer\u00eda hasta 1981.<\/p>\n<\/div>\n<\/div>\n<div class=\"row\">\n<div class=\"col-xs-12 col-print-12\">\n<p class=\"element element-paragraph\">En consecuencia, a partir de fines de los sesenta, el Banco Mundial, junto con otras\u00a0<strong>varias agencias de la ONU<\/strong>, preexistentes o creadas a tal fin, como la FNUAP, PNUD, UNICEF, OMS y la FAO) lanzaron\u00a0<strong>campa\u00f1as mundiales de control de la natalidad.<\/strong><\/p>\n<\/div>\n<\/div>\n<div class=\"row\">\n<div class=\"col-xs-12 col-print-12\">\n<p class=\"element element-paragraph\">M\u00e1s all\u00e1 de la concepci\u00f3n malthusiana que sustentaba estos postulados (a mayor crecimiento poblacional, menor desarrollo y m\u00e1s pobreza; una ecuaci\u00f3n demasiadas veces desmentida en la realidad), tambi\u00e9n hab\u00eda\u00a0<strong>una motivaci\u00f3n de seguridad estrat\u00e9gica.<\/strong><\/p>\n<\/div>\n<\/div>\n<div class=\"row\">\n<div class=\"col-xs-12 col-print-12\">\n<p class=\"element element-paragraph\">Se trataba de una cruzada por el desarrollo y contra la pobreza, que buscaba esencialmente frenar la amenaza del crecimiento poblacional de los pa\u00edses del Tercer Mundo, visto como un posible\u00a0<strong>factor de descontrol social<\/strong>\u00a0y, en el contexto de la Guerra Fr\u00eda, eventual terreno f\u00e9rtil para el comunismo. El mundo no tendr\u00eda adem\u00e1s recursos suficientes para sostener a esa poblaci\u00f3n que crec\u00eda a un ritmo que se ve\u00eda como imparable.<\/p>\n<\/div>\n<\/div>\n<div class=\"row\">\n<figure class=\"element element-image col-xs-12\">\n<div class=\"single-image\">\n<div class=\"shares\"><\/div>\n<p><img decoding=\"async\" id=\"RHN6MNTTWNFS3AHZCVNGDYUUJ4\" class=\"image-lazy\" src=\"https:\/\/www.infobae.com\/new-resizer\/GlPNeRa88sLECMOoVqBUm-qnbgg=\/600x0\/filters:quality(100)\/s3.amazonaws.com\/arc-wordpress-client-uploads\/infobae-wp\/wp-content\/uploads\/2018\/03\/02184110\/Peron-en-1974-1920.jpg\" alt=\"\" width=\"750\" height=\"422.32142857142856\" data-url=\"https:\/\/www.infobae.com\/sociedad\/2018\/03\/03\/la-politica-pro-vida-de-peron-en-1974-olvidada-por-sus-seguidores\/%23RHN6MNTTWNFS3AHZCVNGDYUUJ4\" data-original=\"https:\/\/www.infobae.com\/new-resizer\/GlPNeRa88sLECMOoVqBUm-qnbgg=\/600x0\/filters:quality(100)\/s3.amazonaws.com\/arc-wordpress-client-uploads\/infobae-wp\/wp-content\/uploads\/2018\/03\/02184110\/Peron-en-1974-1920.jpg\" \/><\/p>\n<\/div><figcaption class=\"\"><\/figcaption><\/figure>\n<\/div>\n<div class=\"row\">\n<div class=\"col-xs-12 col-print-12\">\n<p class=\"element element-paragraph\" style=\"text-align: center;\"><em>Desde el exilio, en diciembre del 68, Per\u00f3n ya hab\u00eda aludido al tema, en una entrevista con el periodista Bernardo Neustadt.<\/em><\/p>\n<\/div>\n<\/div>\n<div class=\"row\">\n<div class=\"col-xs-12 col-print-12\">\n<p class=\"element element-paragraph\"><strong>\u00ab\u00bfUsted sabe que McNamara fue a Buenos Aires y pronunci\u00f3 un discurso en el que condicionaba los pr\u00e9stamos al control de la natalidad\u2026?\u00bb<\/strong>, pregunt\u00f3 Neustadt.<\/p>\n<\/div>\n<\/div>\n<div class=\"row\">\n<div class=\"col-xs-12 col-print-12\">\n<p class=\"element element-paragraph\">Per\u00f3n respondi\u00f3: \u00abCosas americanas. Si \u00e9l cree que eso es un problema para la Argentina con 23 millones de habitantes, \u00bfcu\u00e1nto m\u00e1s lo ser\u00e1 para EEUU con 200? \u00bfY por qu\u00e9 ellos no limitan su natalidad? (\u2026) Vea,\u00a0<strong>para m\u00ed esto es un disparate. (\u2026) \u2026la Argentina necesita m\u00e1s poblaci\u00f3n y no tiene por qu\u00e9 limitar su natalidad\u00bb.<\/strong><\/p>\n<\/div>\n<\/div>\n<div class=\"row\">\n<div class=\"col-xs-12 col-print-12\">\n<p class=\"element element-paragraph\">Cabe se\u00f1alar que se trataba de una convicci\u00f3n compartida en aquel entonces por la izquierda y las corrientes progresistas en general, que en los 60 y 70, tambi\u00e9n denunciaban el control de la natalidad -hoy eufem\u00edsticamente llamado \u00absalud reproductiva\u00bb- como una pol\u00edtica imperialista.<\/p>\n<p class=\"element element-paragraph\"><em> \u00bfExcedentes de poblaci\u00f3n en Brasil, donde hay 17 habitantes por kil\u00f3metro cuadrado, o en Colombia, donde hay 29? (Eduardo Galeano, 1994)<\/em><\/p>\n<\/div>\n<\/div>\n<div class=\"row\">\n<div class=\"col-xs-12 col-print-12\">\n<p class=\"element element-paragraph\">Todav\u00eda en 1994, por ejemplo,\u00a0<a href=\"https:\/\/elpais.com\/diario\/1994\/04\/09\/opinion\/765842411_850215.html\" target=\"_blank\" rel=\"noopener\">Eduardo Galeano preguntaba<\/a>: \u00ab\u00bfExcedentes de poblaci\u00f3n en Brasil, donde hay 17 habitantes por kil\u00f3metro cuadrado, o en Colombia, donde hay 29? Holanda tiene 400 habitantes por kil\u00f3metro cuadrado y ning\u00fan holand\u00e9s se muere de hambre; pero en Brasil y en Colombia un pu\u00f1ado de voraces se queda con todo\u00bb.<\/p>\n<\/div>\n<\/div>\n<div class=\"row\">\n<div class=\"col-xs-12 col-print-12\">\n<p class=\"element element-paragraph\">En la\u00a0<strong>Conferencia Mundial de Poblaci\u00f3n, que en 1974 tuvo lugar en Bucarest,<\/strong>\u00a0la Argentina llev\u00f3 la voz cantante en la objeci\u00f3n a los fundamentos de las pol\u00edticas de planificaci\u00f3n familiar que fomentaba la ONU ante\u00a0<strong>una supuesta necesidad de \u00abarmonizar\u00bb a nivel mundial \u00ablas tendencias demogr\u00e1ficas y las tendencias del desarrollo econ\u00f3mico y social\u00bb.<\/strong><\/p>\n<\/div>\n<\/div>\n<div class=\"row\">\n<div class=\"col-xs-12 col-print-12\">\n<p class=\"element element-paragraph\">Correspondi\u00f3 a la Comisi\u00f3n Nacional de Pol\u00edtica Demogr\u00e1fica creada por Per\u00f3n presentar las objeciones al plan de acci\u00f3n que se quer\u00eda aprobar all\u00ed.\u00a0 Felitti resume as\u00ed las enmiendas planteadas por la Argentina: \u00abLa pol\u00edtica de poblaci\u00f3n es un atributo soberano de cada pa\u00eds; Am\u00e9rica Latina, por su baja densidad, necesita de un crecimiento demogr\u00e1fico que le permita ocupar todo su territorio; las recomendaciones no deben limitarse a controlar el crecimiento de la poblaci\u00f3n, tambi\u00e9n deben incluirse [medidas] que tiendan a un orden internacional m\u00e1s justo; las migraciones internacionales deben atenderse no s\u00f3lo como un problema sino como una potencial salida al desequilibrio regional y al avance del control de la natalidad; la producci\u00f3n de alimentos y su justa distribuci\u00f3n a nivel internacional deb\u00eda ser aumentada; por \u00faltimo, se se\u00f1alaba la\u00a0<strong>necesidad de fiscalizar a los organismos que promov\u00edan el control\u00a0 de la natalidad<\/strong>, para evitar acciones indiscriminadas, incompatibles con el ejercicio de los derechos humanos\u00bb.<\/p>\n<\/div>\n<\/div>\n<div class=\"row\">\n<div class=\"col-xs-12 col-print-12\">\n<p class=\"element element-paragraph\">La Argentina cont\u00f3 con el respaldo de la mayor\u00eda de los dem\u00e1s pa\u00edses latinoamericanos y sus enmiendas fueron aceptadas\u2026 con excepci\u00f3n del pedido de control sobre las ONG del rubro\u2026<\/p>\n<\/div>\n<\/div>\n<div class=\"row\">\n<div class=\"col-xs-12 col-print-12\">\n<p class=\"element element-paragraph\">El embajador argentino en Rumania,\u00a0<strong>Juan Carlos Beltramino, exhortaba a actuar para suprimir la injusticia y no a los seres humanos.<\/strong><\/p>\n<\/div>\n<\/div>\n<div class=\"row\">\n<figure class=\"element element-image col-xs-12\">\n<div class=\"single-image\">\n<div class=\"shares\"><\/div>\n<p><img decoding=\"async\" id=\"6M5666NSBBBHVDR6ZXPNSN36J4\" class=\"image-lazy\" src=\"https:\/\/www.infobae.com\/new-resizer\/gtPUF88NXpkLynbgEXOhpoaNuI0=\/600x0\/filters:quality(100)\/s3.amazonaws.com\/arc-wordpress-client-uploads\/infobae-wp\/wp-content\/uploads\/2018\/03\/02184121\/Peron-y-Evita-con-nino.jpg\" alt=\"\" width=\"750\" height=\"576.6233766233767\" data-url=\"https:\/\/www.infobae.com\/sociedad\/2018\/03\/03\/la-politica-pro-vida-de-peron-en-1974-olvidada-por-sus-seguidores\/%236M5666NSBBBHVDR6ZXPNSN36J4\" data-original=\"https:\/\/www.infobae.com\/new-resizer\/gtPUF88NXpkLynbgEXOhpoaNuI0=\/600x0\/filters:quality(100)\/s3.amazonaws.com\/arc-wordpress-client-uploads\/infobae-wp\/wp-content\/uploads\/2018\/03\/02184121\/Peron-y-Evita-con-nino.jpg\" \/><\/p>\n<\/div><figcaption class=\"\"><\/figcaption><\/figure>\n<\/div>\n<div class=\"row\">\n<div class=\"col-xs-12 col-print-12\">\n<p class=\"element element-paragraph\">Lejos quedaron esos tiempos en que la Argentina ejerc\u00eda un liderazgo en este tipo de cumbres internacionales. Y lejos quedaron tambi\u00e9n los tiempos en que las izquierdas latinoamericanas denunciaban el control de la natalidad como imperialista. Hoy el malthusianismo es la doctrina subyacente en uno de los argumentos pro aborto libre m\u00e1s esgrimido por el progresismo:\u00a0<strong>se vincula la necesidad de su legalizaci\u00f3n al drama de miles de mujeres pobres\u2026<\/strong><\/p>\n<\/div>\n<\/div>\n<div class=\"row\">\n<div class=\"col-xs-12 col-print-12\">\n<p class=\"element element-paragraph\">A tal punto ha virado en esto la izquierda que en Bolivia, por ejemplo, ha sido el mism\u00edsimo Evo Morales el promotor de una legalizaci\u00f3n del aborto que incluye, entre las opciones para despenalizarlo, la condici\u00f3n social de la mujer.<\/p>\n<p class=\"element element-paragraph\"><em> Evo Morales promovi\u00f3 la legalizaci\u00f3n del aborto en caso de \u201cpobreza\u201d<\/em><\/p>\n<\/div>\n<\/div>\n<div class=\"row\">\n<div class=\"col-xs-12 col-print-12\">\n<p class=\"element element-paragraph\">El proyecto inicialmente presentado, en marzo de 2017, era brutal: despenalizaba el aborto en \u00ablas primeras ocho semanas de gravidez, por \u00fanica vez\u00bb, cuando la mujer \u00abse encuentre\u00a0<strong>en situaci\u00f3n de calle o pobreza extrema<\/strong>; no cuente con recursos suficientes para la manutenci\u00f3n propia o de su familia; sea madre de tres o m\u00e1s hijos o hijas y no cuente con recursos suficientes para su manutenci\u00f3n o sea estudiante\u00bb.<\/p>\n<\/div>\n<\/div>\n<div class=\"row\">\n<div class=\"col-xs-12 col-print-12\">\n<p class=\"element element-paragraph\">Fue demasiado. Y, para atenuar esta frontal\u00a0<strong>eugenesia social,<\/strong>\u00a0al aprobarse la ley se elimin\u00f3 la menci\u00f3n expl\u00edcita a la pobreza, pero se mantuvo el concepto de modo impl\u00edcito en el enunciado de que las mujeres que tengan \u00abni\u00f1os, adultos o discapacitados a su cargo\u00bb, pueden abortar.<\/p>\n<\/div>\n<\/div>\n<div class=\"row\">\n<div class=\"col-xs-12 col-print-12\">\n<p class=\"element element-paragraph\">Lo llamativo es que, a diferencia de los a\u00f1os 70, cuando la izquierda boliviana denunciaba el control de la natalidad como imperialista y hasta lograba la expulsi\u00f3n de Bolivia del Cuerpo de Paz \u2013ONG estadounidense de\u00a0planificaci\u00f3n familiar-, esta vez tuvo que ser el Episcopado boliviano el que clamara contra la \u00abcolonizaci\u00f3n ideol\u00f3gica extranjera\u00bb que inspir\u00f3 la reforma de Evo Morales.<\/p>\n<\/div>\n<\/div>\n<div class=\"row\" style=\"text-align: center;\">\n<figure class=\"element element-image col-xs-12\">\n<div class=\"single-image\">\n<div class=\"shares\"><\/div>\n<p><img decoding=\"async\" id=\"4XDWV3WL2RHQLIRBURQOSD75BY\" class=\"image-lazy\" src=\"https:\/\/www.infobae.com\/new-resizer\/iD_1dCxQa7mc9sYoaSjGaxusSIM=\/600x0\/filters:quality(100)\/s3.amazonaws.com\/arc-wordpress-client-uploads\/infobae-wp\/wp-content\/uploads\/2018\/02\/07173009\/Viral-Evo-Morales-declara-estado-de-emergencia-ante-las-inundaciones-en-Cochabamba.jpg\" alt=\"La izquierda no cuestion\u00f3 a Evo Morales por promover el aborto en caso de \u201cpobreza\u201d\" width=\"750\" height=\"422.32142857142856\" data-url=\"https:\/\/www.infobae.com\/sociedad\/2018\/03\/03\/la-politica-pro-vida-de-peron-en-1974-olvidada-por-sus-seguidores\/%234XDWV3WL2RHQLIRBURQOSD75BY\" data-original=\"https:\/\/www.infobae.com\/new-resizer\/iD_1dCxQa7mc9sYoaSjGaxusSIM=\/600x0\/filters:quality(100)\/s3.amazonaws.com\/arc-wordpress-client-uploads\/infobae-wp\/wp-content\/uploads\/2018\/02\/07173009\/Viral-Evo-Morales-declara-estado-de-emergencia-ante-las-inundaciones-en-Cochabamba.jpg\" \/><\/p>\n<\/div><figcaption class=\"\"><span class=\"credit\">La izquierda no cuestion\u00f3 a Evo Morales por promover el aborto en caso de \u201cpobreza\u201d<\/span><\/figcaption><\/figure>\n<\/div>\n<div class=\"row\">\n<div class=\"col-xs-12 col-print-12\">\n<p class=\"element element-paragraph\">El hecho de que el aborto como paliativo a la pobreza haya sido promovido por Evo Morales no conmovi\u00f3 a una izquierda sudamericana ya ganada por la agenda que en otro tiempo denunciaba como neoliberal.<em>\u00a0<\/em><\/p>\n<\/div>\n<\/div>\n<div class=\"row\">\n<div class=\"col-xs-12 col-print-12\">\n<p class=\"element element-paragraph\">En consecuencia, lo que antes los gobiernos de pa\u00edses avanzados promov\u00edan, por lo general a trav\u00e9s de ONGs internacionales y organismos supranacionales, para la \u00abplanificaci\u00f3n familiar\u00bb o el \u00abcontrol de la natalidad\u00bb,\u00a0<strong>hoy se hace bajo el \u00edtem \u00absalud reproductiva\u00bb o \u00abderechos reproductivos\u00bb, y es adem\u00e1s una bandera enarbolada por grupos que, a la vez que dicen combatir el neoliberalismo en lo econ\u00f3mico o pol\u00edtico, han incorporado sus supuestos culturales.<\/strong><\/p>\n<\/div>\n<\/div>\n<div class=\"row\">\n<div class=\"col-xs-12 col-print-12\">\n<p class=\"element element-paragraph\">Los debates de los 60 y 70 se daban por otra parte en el marco de la supuesta amenaza de una explosi\u00f3n del crecimiento poblacional, que no s\u00f3lo no se verific\u00f3, sino que ha sido sustituida en varias regiones por un \u00abinvierno demogr\u00e1fico\u00bb, fen\u00f3meno que es motivo de alarma para muchos pa\u00edses.<\/p>\n<\/div>\n<\/div>\n<div class=\"row\">\n<div class=\"col-xs-12 col-print-12\">\n<p class=\"element element-paragraph\">La bomba demogr\u00e1fica tan anunciada en los pron\u00f3sticos catastrofistas de los 60 y 70 se desactiv\u00f3 sola.<\/p>\n<\/div>\n<\/div>\n<div class=\"row\">\n<div class=\"col-xs-12 col-print-12\">\n<p class=\"element element-paragraph\">La tasa de fecundidad global es hoy de 2,5 hijos por mujer. Y si se excluye al \u00c1frica negra, cae a 2,1, coincidiendo con la llamada tasa de remplazo, lo justo para renovar la poblaci\u00f3n.<\/p>\n<\/div>\n<\/div>\n<div class=\"row\" style=\"text-align: center;\">\n<figure class=\"element element-image col-xs-12\">\n<div class=\"single-image\">\n<div class=\"shares\"><\/div>\n<p><img decoding=\"async\" id=\"OB6XXIA4TJBFBGCXHVJCOPXJVI\" class=\"image-lazy\" src=\"https:\/\/www.infobae.com\/new-resizer\/A89ahOYZxxnHBUoft6AS6UF6ApM=\/600x0\/filters:quality(100)\/s3.amazonaws.com\/arc-wordpress-client-uploads\/infobae-wp\/wp-content\/uploads\/2018\/03\/02183846\/Tasa-de-fertilidad-total.jpg\" alt=\"Fuente: Banco Mundial https:\/\/datos.bancomundial.org\/indicador\/SP.DYN.TFRT.IN\" width=\"750\" height=\"466.5584415584416\" data-url=\"https:\/\/www.infobae.com\/sociedad\/2018\/03\/03\/la-politica-pro-vida-de-peron-en-1974-olvidada-por-sus-seguidores\/%23OB6XXIA4TJBFBGCXHVJCOPXJVI\" data-original=\"https:\/\/www.infobae.com\/new-resizer\/A89ahOYZxxnHBUoft6AS6UF6ApM=\/600x0\/filters:quality(100)\/s3.amazonaws.com\/arc-wordpress-client-uploads\/infobae-wp\/wp-content\/uploads\/2018\/03\/02183846\/Tasa-de-fertilidad-total.jpg\" \/><\/p>\n<\/div><figcaption class=\"\"><em><span class=\"credit\">Fuente: Banco Mundial https:\/\/datos.bancomundial.org\/indicador\/SP.DYN.TFRT.IN<\/span><\/em><\/figcaption><\/figure>\n<\/div>\n<div class=\"row\">\n<div class=\"col-xs-12 col-print-12\">\n<p class=\"element element-paragraph\">Esta estabilizaci\u00f3n, que para los McNamara de los 60 era necesaria a fin de desactivar potenciales conflictos sociopol\u00edticos y pacificar al mundo, viene sin embargo acompa\u00f1ada de enormes disparidades en otros indicadores clave: la esperanza de vida y la mortalidad infantil, que son reflejo directo de la alimentaci\u00f3n y la sanidad. En el caso del primero, por ejemplo, la brecha nunca fue tan grande : de 50 a\u00f1os en el Congo \u00a0a 87 en Jap\u00f3n.<\/p>\n<\/div>\n<\/div>\n<div class=\"row\">\n<div class=\"col-xs-12 col-print-12\">\n<p class=\"element element-paragraph\"><strong>En Argentina, de momento, la tasa de fecundidad, de 2,3 hijos por mujer, todav\u00eda supera a la de remplazo.<\/strong><\/p>\n<\/div>\n<\/div>\n<div class=\"row\">\n<div class=\"col-xs-12 col-print-12\">\n<p class=\"element element-paragraph\">Pero en muchos pa\u00edses de Occidente ya ha ca\u00eddo por debajo de ese umbral de 2,1 necesario para evitar la desaparici\u00f3n de una sociedad lo que significa que ver\u00e1n decrecer su poblaci\u00f3n en los pr\u00f3ximos a\u00f1os.<\/p>\n<\/div>\n<\/div>\n<div class=\"row\">\n<div class=\"col-xs-12 col-print-12\">\n<p class=\"element element-paragraph\"><strong>Consecuencias del \u00abinvierno demogr\u00e1fico\u00bb<\/strong><\/p>\n<\/div>\n<\/div>\n<div class=\"row\">\n<div class=\"col-xs-12 col-print-12\">\n<p class=\"element element-paragraph\">Las consecuencias humanas, sociales y pol\u00edticas del invierno demogr\u00e1fico han sido \u00a0identificadas por el dem\u00f3grafo franc\u00e9s<strong>\u00a0Alfred Sauvy<\/strong>\u00a0de este modo: No transmisi\u00f3n de saberes, debilitamiento de los lazos sociales, desigualdades crecientes, dominio por parte de la fracci\u00f3n m\u00e1s vieja y m\u00e1s conservadora de la poblaci\u00f3n, ausencia de perspectiva de porvenir, morosidad y falta de apetencia por la vida, prevalencia de la renta sobre el trabajo, preferencia por el ahorro especulativo en detrimento de la inversi\u00f3n productiva.<\/p>\n<\/div>\n<\/div>\n<div class=\"row\">\n<div class=\"col-xs-12 col-print-12\">\n<p class=\"element element-paragraph\">Podr\u00e1 decirse que los contextos de cada pa\u00eds y de cada \u00e9poca son diferentes y no pueden por lo tanto trasladarse autom\u00e1ticamente las respuestas de ayer a los problemas de hoy.\u00a0<strong>Lo inexcusable es que estos temas no sean parte de las preocupaciones de dirigentes que repiten mec\u00e1nicamente que nos debemos un debate \u00abmaduro y responsable\u00bb.<\/strong><\/p>\n<\/div>\n<\/div>\n<div class=\"row\">\n<div class=\"col-xs-12 col-print-12\">\n<p class=\"element element-paragraph\">La Argentina sigue siendo un pa\u00eds despoblado y desequilibrado en su desarrollo. Sin embargo, pese a que la historia desminti\u00f3 a Malthus una y otra vez, se sigue razonando como si m\u00e1s poblaci\u00f3n implicase s\u00f3lo m\u00e1s bocas que \u00a0alimentar, y no tambi\u00e9n m\u00e1s brazos para trabajar, m\u00e1s mentes para pensar y crear\u2026 Sobran los ejemplos de lo que un s\u00f3lido mercado interno le aporta a una econom\u00eda.<\/p>\n<p class=\"element element-paragraph\"><em>Parece que la transmisi\u00f3n generacional se interrumpi\u00f3 cuando vemos a algunos referentes juveniles detr\u00e1s de una bandera que era repudiada por las generaciones \u201cgloriosas\u201d<\/em><\/p>\n<\/div>\n<\/div>\n<div class=\"row\">\n<div class=\"col-xs-12 col-print-12\">\n<p class=\"element element-paragraph\">M\u00e1s inexcusable a\u00fan que la desmemoria de la izquierda es que estas cosas no se debatan entre quienes se consideran seguidores de Per\u00f3n.\u00a0<strong>Sin formularla expl\u00edcitamente, Cristina Kirchner tuvo una pol\u00edtica natalista cuando promovi\u00f3 la Asignaci\u00f3n Universal por Hijo y la extendi\u00f3 a la mujer embarazada.<\/strong>\u00a0Incluso el Plan Cunita \u2013frustrado por la venalidad y la improvisaci\u00f3n- ten\u00eda esa inspiraci\u00f3n. Pero parece que el impulso o la transmisi\u00f3n generacional se interrumpi\u00f3 cuando vemos a algunos referentes juveniles de ese sector enfervorizados detr\u00e1s de una bandera que era repudiada por las generaciones \u00abgloriosas\u00bb en las que sin embargo dicen reconocerse.<\/p>\n<\/div>\n<\/div>\n<div class=\"row\">\n<div class=\"col-xs-12 col-print-12\">\n<p class=\"element element-paragraph\">La elite mundial de otros tiempos demostr\u00f3 tener claro que la poblaci\u00f3n representa un factor de poder; es lamentable que no lo tenga claro la dirigencia local.<\/p>\n<\/div>\n<\/div>\n<div class=\"row\">\n<div class=\"col-xs-12 col-print-12\">\n<p class=\"element element-paragraph\">El mundo debate hoy nuevamente sobre la sustentabilidad del desarrollo\u00a0y el factor cr\u00edtico de la relaci\u00f3n de los recursos con la poblaci\u00f3n.<\/p>\n<\/div>\n<\/div>\n<div class=\"row\">\n<div class=\"col-xs-12 col-print-12\">\n<p class=\"element element-paragraph\">No por desconocer la geopol\u00edtica, dejar\u00e1 un pa\u00eds de padecerla.<\/p>\n<\/div>\n<p><strong>Fuente:\u00a0<\/strong>https:\/\/www.infobae.com\/sociedad\/2018\/03\/03\/la-politica-pro-vida-de-peron-en-1974-olvidada-por-sus-seguidores\/<\/p>\n<\/div>\n<!-- AddThis Advanced Settings generic via filter on the_content -->\n<!-- AddThis Share Buttons generic via filter on the_content -->\n","protected":false},"excerpt":{"rendered":"<p>\u00abSomos uno de los pa\u00edses m\u00e1s despoblados de Am\u00e9rica Latina\u00bb. \u00abNuestro bajo crecimiento demogr\u00e1fico se debe a la constante declinaci\u00f3n de la natalidad\u00bb. \u00abSi bien&#8230;<\/p>\n<div class=\"more-link-wrapper\"><a class=\"more-link\" href=\"https:\/\/www.gnosisprimordial.com\/?p=2996\">Seguir leyendo<span class=\"screen-reader-text\">La pol\u00edtica pro-vida de Per\u00f3n en 1974, olvidada por sus seguidores<\/span><\/a><\/div>\n<p><!-- AddThis Advanced Settings generic via filter on wp_trim_excerpt --><br \/>\n<!-- AddThis Share Buttons generic via filter on wp_trim_excerpt --><\/p>\n","protected":false},"author":426,"featured_media":0,"comment_status":"open","ping_status":"closed","sticky":false,"template":"","format":"standard","meta":{"footnotes":""},"categories":[1],"tags":[1174,256,909,902],"class_list":["post-2996","post","type-post","status-publish","format-standard","hentry","category-articulos","tag-aborto","tag-fmi","tag-peron","tag-peronismo","entry"],"_links":{"self":[{"href":"https:\/\/www.gnosisprimordial.com\/index.php?rest_route=\/wp\/v2\/posts\/2996","targetHints":{"allow":["GET"]}}],"collection":[{"href":"https:\/\/www.gnosisprimordial.com\/index.php?rest_route=\/wp\/v2\/posts"}],"about":[{"href":"https:\/\/www.gnosisprimordial.com\/index.php?rest_route=\/wp\/v2\/types\/post"}],"author":[{"embeddable":true,"href":"https:\/\/www.gnosisprimordial.com\/index.php?rest_route=\/wp\/v2\/users\/426"}],"replies":[{"embeddable":true,"href":"https:\/\/www.gnosisprimordial.com\/index.php?rest_route=%2Fwp%2Fv2%2Fcomments&post=2996"}],"version-history":[{"count":2,"href":"https:\/\/www.gnosisprimordial.com\/index.php?rest_route=\/wp\/v2\/posts\/2996\/revisions"}],"predecessor-version":[{"id":2998,"href":"https:\/\/www.gnosisprimordial.com\/index.php?rest_route=\/wp\/v2\/posts\/2996\/revisions\/2998"}],"wp:attachment":[{"href":"https:\/\/www.gnosisprimordial.com\/index.php?rest_route=%2Fwp%2Fv2%2Fmedia&parent=2996"}],"wp:term":[{"taxonomy":"category","embeddable":true,"href":"https:\/\/www.gnosisprimordial.com\/index.php?rest_route=%2Fwp%2Fv2%2Fcategories&post=2996"},{"taxonomy":"post_tag","embeddable":true,"href":"https:\/\/www.gnosisprimordial.com\/index.php?rest_route=%2Fwp%2Fv2%2Ftags&post=2996"}],"curies":[{"name":"wp","href":"https:\/\/api.w.org\/{rel}","templated":true}]}}