{"id":3018,"date":"2018-08-02T16:41:27","date_gmt":"2018-08-02T19:41:27","guid":{"rendered":"http:\/\/www.gnosisprimordial.com\/?p=3018"},"modified":"2018-08-02T16:41:56","modified_gmt":"2018-08-02T19:41:56","slug":"eva-de-peron-y-de-los-justicialistas-por-diego-mazzieri","status":"publish","type":"post","link":"https:\/\/www.gnosisprimordial.com\/?p=3018","title":{"rendered":"Eva de Per\u00f3n. &#8211; Y de los Justicialistas, por Diego Mazzieri"},"content":{"rendered":"<p><img loading=\"lazy\" decoding=\"async\" class=\"aligncenter wp-image-3019 size-full\" src=\"https:\/\/www.gnosisprimordial.com\/wp-content\/uploads\/2018\/08\/20375938_10214128698398374_9076112480945888871_n.jpg\" alt=\"\" width=\"734\" height=\"494\" srcset=\"https:\/\/www.gnosisprimordial.com\/wp-content\/uploads\/2018\/08\/20375938_10214128698398374_9076112480945888871_n.jpg 734w, https:\/\/www.gnosisprimordial.com\/wp-content\/uploads\/2018\/08\/20375938_10214128698398374_9076112480945888871_n-300x202.jpg 300w\" sizes=\"auto, (max-width: 734px) 100vw, 734px\" \/><\/p>\n<p>Hace 65 a\u00f1os fallec\u00eda una muchacha que (con solo, y) desde sus 27 a\u00f1os de edad hasta sus 33; inici\u00f3 una revoluci\u00f3n social, humanista y cristiana sin precedentes a nivel nacional y ejemplar a nivel mundial.<\/p>\n<p>Su obra no fue mera caridad asistencialista. Los alumnos de la Ex Ciudad Estudiantil y Hogares Escuelas eran tratados como verdaderos hijos del estado seg\u00fan concepciones quasi plat\u00f3nicas, educados en el Cristianismo y el Revisionismo Hist\u00f3rico; teniendo una educaci\u00f3n privilegiada sin importar los estamentos de donde ven\u00edan. La Fundaci\u00f3n Eva Per\u00f3n fue una obra sin igual a nivel humanista y cristiano, nacional e internacional. El propio Walt Disney confiesa haber basado su parque tem\u00e1tico en la Ciudad Infantil Justicialista.<\/p>\n<p>Hoy Eva Per\u00f3n, Hermana Terciaria Franciscana reconocida tras su muerte por S.S. Pio XII. (Sierva de Dios por la Iglesia Diosesana tambi\u00e9n).<\/p>\n<p>Los apologistas del \u201cCristo Vence\u201d, profanaron luego su cad\u00e1ver. Lo violaron literalmente de todas las formas, que por pudor autocensuramos tan solo recordarlo. Lo expatriaron hacia Mil\u00e1n y lo escondieron. Hoy en el Cementerio de Milan, figura all\u00ed un epitafio recordatorio impuesto por un rotundamente estafador que timando a la Se\u00f1ora Per\u00f3n se qued\u00f3 con todos los bienes del General. El emblema de su Fundaci\u00f3n son casualmente dos manos. Seg\u00fan \u00e9l representan las manos de Dodero. Lo extra\u00f1o es que esa fundaci\u00f3n que lleg\u00f3 a timar a la propia Madre Teresa, se cre\u00f3 muy contempor\u00e1neamente al cercenamiento de las manos del General. Casual \u2013o causal- mente, esas supuestas manos de Dodero est\u00e1n hechas una desde la mu\u00f1eca y otra desde el antebrazo, exactamente desde d\u00f3nde se cort\u00f3 al cad\u00e1ver. Al cad\u00e1ver de Eva Per\u00f3n despu\u00e9s lo devolvi\u00f3 la masoner\u00eda. La misma secta cuya personer\u00eda jur\u00eddica fue dada por el Gobierno del General Lonardi quien despu\u00e9s pilatescamente se hizo el desentidadamente \u201cequivocado\u201d.<\/p>\n<p>No solo profanaron el cuerpo de Eva Per\u00f3n. Tambi\u00e9n cercenaron la cabeza del cad\u00e1ver de Juan Duarte. Con esa cabeza despu\u00e9s torturaron a muchas actrices proscriptas como a Fany Navarro, quien muri\u00f3 traumada por ese hecho en la d\u00e9cada de 1970. (Comparto la in\u00e9dita foto del cercenamiento por Pr\u00f3spero Fern\u00e1ndez Alvari\u00f1o, alias el \u201cCapit\u00e1n Gandhi\u201d, que \u201cpor ah\u00ed encontr\u00e9\u201d oportunamente y que constan en mis archivos de investigaci\u00f3n).<\/p>\n<p>Los mismos de siempre luego le cortar\u00edan las manos al Cad\u00e1ver de Juan Per\u00f3n. Esos mismos luego violar\u00edan el domicilio de la Se\u00f1ora Mar\u00eda Estela de Per\u00f3n en Espa\u00f1a para cortarle las manos a las im\u00e1genes de los Santos que pose\u00eda, y los pechos de las im\u00e1genes que representaban a la Virgen Mar\u00eda. Despu\u00e9s por una mit\u00f3mana (Marta Holgado) se destruy\u00f3 tras una nueva profanaci\u00f3n, el f\u00e9mur y la clav\u00edcula del cad\u00e1ver del General Per\u00f3n.<\/p>\n<p>Todos estos hechos quedaron impunes. Los necr\u00f3filos y asesinos de ni\u00f1os en Plaza de Mayo y en otros lugares del pa\u00eds, pir\u00f3manos genuinos de Iglesias como excusa absolutoria a pesar que le quieran contar a magoya que eso lo hizo el peronismo, contin\u00faan hoy d\u00eda publicando librejos similares al libelo del \u201cLibro Negro de la Segunda Tiran\u00eda\u201d. Ni la fusiladora produjo variopintas obras contra Per\u00f3n como en estos \u00faltimos a\u00f1os; pero muy a su pesar, la obra social, cultural, pol\u00edtica y econ\u00f3mica del Peronismo fue tan inmensa que sus continuadores ser\u00e1n por siempre \u201cenanos\u201d (malditos por desgracia).<br \/>\nMientras tanto, hoy los Genuinos Peronistas a pesar del dolor por la censura, por la proscripci\u00f3n y\/o la tergiversaci\u00f3n hist\u00f3rica, solo elevamos una oraci\u00f3n en este aniversario del Paso a la Inmortalidad, a la HERMANA TERCIARIA FRANCISCANA, SE\u00d1ORITA MAR\u00cdA EVA DUARTE DE PER\u00d3N; Primera Dama, Abanderada de los Pobres, fan\u00e1tica esposa y compa\u00f1era del General Juan Per\u00f3n.<\/p>\n<p>Eso no basta, mientras los Peronistas sigamos con el \u201cesta boca es m\u00eda\u201d. Porque mientras tantos los necr\u00f3filos hijos y nietos de los Comandos Civiles de derecha e izquierda, siguen hipotecando nuestra Naci\u00f3n y destruyendo nuestro porvenir desde 1976.<br \/>\nSi Evita Viviera no ser\u00eda montonera, ser\u00eda Compa\u00f1era. Ni feminista ni progre. Ni asistencialista ni clientelista. Y como a\u00fan vive en la memoria, a pesar de las detracciones de Hollywood y de los Mordisquitos intelectualoides del presente vaya nuestra oraci\u00f3n por su alma. Y que Dios se apiade de la de los necr\u00f3filos adl\u00e1teres de los comandos civiles cipayos.<\/p>\n<p>Diego Ceferino Mazzieri.<\/p>\n<p>Compa\u00f1ero Peronista.<\/p>\n<p>d.mazzieri@hotmail.com<\/p>\n<!-- AddThis Advanced Settings generic via filter on the_content -->\n<!-- AddThis Share Buttons generic via filter on the_content -->\n","protected":false},"excerpt":{"rendered":"<p>Hace 65 a\u00f1os fallec\u00eda una muchacha que (con solo, y) desde sus 27 a\u00f1os de edad hasta sus 33; inici\u00f3 una revoluci\u00f3n social, humanista y&#8230;<\/p>\n<div class=\"more-link-wrapper\"><a class=\"more-link\" href=\"https:\/\/www.gnosisprimordial.com\/?p=3018\">Seguir leyendo<span class=\"screen-reader-text\">Eva de Per\u00f3n. &#8211; Y de los Justicialistas, por Diego Mazzieri<\/span><\/a><\/div>\n<p><!-- AddThis Advanced Settings generic via filter on wp_trim_excerpt --><br \/>\n<!-- AddThis Share Buttons generic via filter on wp_trim_excerpt --><\/p>\n","protected":false},"author":426,"featured_media":0,"comment_status":"open","ping_status":"closed","sticky":false,"template":"","format":"standard","meta":{"footnotes":""},"categories":[19],"tags":[],"class_list":["post-3018","post","type-post","status-publish","format-standard","hentry","category-contenidos-encontrados-en-internet","entry"],"_links":{"self":[{"href":"https:\/\/www.gnosisprimordial.com\/index.php?rest_route=\/wp\/v2\/posts\/3018","targetHints":{"allow":["GET"]}}],"collection":[{"href":"https:\/\/www.gnosisprimordial.com\/index.php?rest_route=\/wp\/v2\/posts"}],"about":[{"href":"https:\/\/www.gnosisprimordial.com\/index.php?rest_route=\/wp\/v2\/types\/post"}],"author":[{"embeddable":true,"href":"https:\/\/www.gnosisprimordial.com\/index.php?rest_route=\/wp\/v2\/users\/426"}],"replies":[{"embeddable":true,"href":"https:\/\/www.gnosisprimordial.com\/index.php?rest_route=%2Fwp%2Fv2%2Fcomments&post=3018"}],"version-history":[{"count":1,"href":"https:\/\/www.gnosisprimordial.com\/index.php?rest_route=\/wp\/v2\/posts\/3018\/revisions"}],"predecessor-version":[{"id":3020,"href":"https:\/\/www.gnosisprimordial.com\/index.php?rest_route=\/wp\/v2\/posts\/3018\/revisions\/3020"}],"wp:attachment":[{"href":"https:\/\/www.gnosisprimordial.com\/index.php?rest_route=%2Fwp%2Fv2%2Fmedia&parent=3018"}],"wp:term":[{"taxonomy":"category","embeddable":true,"href":"https:\/\/www.gnosisprimordial.com\/index.php?rest_route=%2Fwp%2Fv2%2Fcategories&post=3018"},{"taxonomy":"post_tag","embeddable":true,"href":"https:\/\/www.gnosisprimordial.com\/index.php?rest_route=%2Fwp%2Fv2%2Ftags&post=3018"}],"curies":[{"name":"wp","href":"https:\/\/api.w.org\/{rel}","templated":true}]}}