{"id":3071,"date":"2019-05-30T16:19:05","date_gmt":"2019-05-30T19:19:05","guid":{"rendered":"http:\/\/www.gnosisprimordial.com\/?p=3071"},"modified":"2019-05-30T16:19:05","modified_gmt":"2019-05-30T19:19:05","slug":"34-jose-maria-herrou-aragon-habla-sobre-peron-y-el-nacionalsocialismo-aleman","status":"publish","type":"post","link":"https:\/\/www.gnosisprimordial.com\/?p=3071","title":{"rendered":"34. Jos\u00e9 Mar\u00eda Herrou Arag\u00f3n habla sobre Per\u00f3n y el nacionalsocialismo alem\u00e1n"},"content":{"rendered":"<p><iframe loading=\"lazy\" src=\"https:\/\/www.youtube.com\/embed\/uViy7UoB60s\" width=\"560\" height=\"315\" frameborder=\"0\" allowfullscreen=\"allowfullscreen\"><\/iframe><\/p>\n<!-- AddThis Advanced Settings generic via filter on the_content -->\n<!-- AddThis Share Buttons generic via filter on the_content -->\n","protected":false},"excerpt":{"rendered":"<p>Jos\u00e9 Mar\u00eda Herrou Arag\u00f3n revela el estrecho v\u00ednculo existente desde siempre entre el nacionalsocialismo alem\u00e1n y Juan Domingo Per\u00f3n.<!-- AddThis Advanced Settings generic via filter on wp_trim_excerpt --><br \/>\n<!-- AddThis Share Buttons generic via filter on wp_trim_excerpt --><\/p>\n<div class=\"more-link-wrapper\"><a class=\"more-link\" href=\"https:\/\/www.gnosisprimordial.com\/?p=3071\">Seguir leyendo<span class=\"screen-reader-text\">34. Jos\u00e9 Mar\u00eda Herrou Arag\u00f3n habla sobre Per\u00f3n y el nacionalsocialismo alem\u00e1n<\/span><\/a><\/div>\n","protected":false},"author":426,"featured_media":0,"comment_status":"open","ping_status":"closed","sticky":false,"template":"","format":"standard","meta":{"footnotes":""},"categories":[18,951],"tags":[],"class_list":["post-3071","post","type-post","status-publish","format-standard","hentry","category-videos","category-videos-jose-maria-herrou-aragon","entry"],"_links":{"self":[{"href":"https:\/\/www.gnosisprimordial.com\/index.php?rest_route=\/wp\/v2\/posts\/3071","targetHints":{"allow":["GET"]}}],"collection":[{"href":"https:\/\/www.gnosisprimordial.com\/index.php?rest_route=\/wp\/v2\/posts"}],"about":[{"href":"https:\/\/www.gnosisprimordial.com\/index.php?rest_route=\/wp\/v2\/types\/post"}],"author":[{"embeddable":true,"href":"https:\/\/www.gnosisprimordial.com\/index.php?rest_route=\/wp\/v2\/users\/426"}],"replies":[{"embeddable":true,"href":"https:\/\/www.gnosisprimordial.com\/index.php?rest_route=%2Fwp%2Fv2%2Fcomments&post=3071"}],"version-history":[{"count":1,"href":"https:\/\/www.gnosisprimordial.com\/index.php?rest_route=\/wp\/v2\/posts\/3071\/revisions"}],"predecessor-version":[{"id":3072,"href":"https:\/\/www.gnosisprimordial.com\/index.php?rest_route=\/wp\/v2\/posts\/3071\/revisions\/3072"}],"wp:attachment":[{"href":"https:\/\/www.gnosisprimordial.com\/index.php?rest_route=%2Fwp%2Fv2%2Fmedia&parent=3071"}],"wp:term":[{"taxonomy":"category","embeddable":true,"href":"https:\/\/www.gnosisprimordial.com\/index.php?rest_route=%2Fwp%2Fv2%2Fcategories&post=3071"},{"taxonomy":"post_tag","embeddable":true,"href":"https:\/\/www.gnosisprimordial.com\/index.php?rest_route=%2Fwp%2Fv2%2Ftags&post=3071"}],"curies":[{"name":"wp","href":"https:\/\/api.w.org\/{rel}","templated":true}]}}