{"id":415,"date":"2009-07-10T11:28:23","date_gmt":"2009-07-10T14:28:23","guid":{"rendered":"http:\/\/www.gnosisprimordial.com\/?p=415"},"modified":"2019-11-05T19:40:36","modified_gmt":"2019-11-05T22:40:36","slug":"alquimia-vegetal","status":"publish","type":"post","link":"https:\/\/www.gnosisprimordial.com\/?p=415","title":{"rendered":"Alquimia Vegetal"},"content":{"rendered":"<p>La utilizaci\u00f3n de sustancias vegetales para la consumaci\u00f3n de la Gran Obra Gn\u00f3stica y Alqu\u00edmica: la Liberaci\u00f3n y Retorno del Esp\u00edritu.<\/p>\n<p>Complementa la alquimia sexual.<\/p>\n<p>El hongo amanita muscaria, utilizado para este fin desde hace miles de a\u00f1os, es la m\u00e1s importante de estas sustancias.<\/p>\n<p>All\u00ed est\u00e1n las dos v\u00edas: seca (ingesti\u00f3n del hongo crudo) y h\u00fameda (ingesti\u00f3n del hongo hervido en agua).<\/p>\n<p>All\u00ed est\u00e1n los tres colores de la obra: negro (la base del hongo), blanco (el cuerpo del hongo) y rojo (la cabeza).<\/p>\n<p>Es la manzana que Eva le dio de comer a Ad\u00e1n, para despertarlo y recuperar la sabidur\u00eda.<\/p>\n<p>Es el soma que los arios del norte llevaron a India.<\/p>\n<p>Es el origen del poder de Od\u00edn &#8211; Wotan.<\/p>\n<p>Es el origen del poder del dios Hanuman, bajo cuyos efectos realizaba sus proezas.<\/p>\n<p>Bajo sus efectos los rabinos de Alejandr\u00eda inventaron el cristianismo.<\/p>\n<p>Es lo que hizo caer del caballo a San Pablo y lo que propici\u00f3 su conversi\u00f3n a la nueva religi\u00f3n.<\/p>\n<p>Bajo sus efectos se conocen el cielo y el infierno y se produce el acercamiento a Dios.<\/p>\n<p>Dante Alighieri tuvo estas experiencias y las puso por escrito en La Divina Comedia.<\/p>\n<p>Amanita es el Salvador del Mundo, quien muere por nosotros cuando lo ingerimos.<\/p>\n<p>Bajo sus efectos Rasput\u00edn hablaba con la Virgen y asesoraba al Zar.<\/p>\n<p>S\u00f3lo bajo abstinencia sexual debe consumirse el amanita.<\/p>\n<p><strong>Este es el sagrado amanita<\/strong><\/p>\n<figure style=\"width: 205px\" class=\"wp-caption alignnone\"><img loading=\"lazy\" decoding=\"async\" title=\"Amanita Muscaria\" src=\"https:\/\/www.gnosisprimordial.com\/wp-content\/uploads\/2009\/07\/amanita.jpg\" alt=\"Amanita Muscaria\" width=\"205\" height=\"310\"\/><figcaption class=\"wp-caption-text\">Amanita Muscaria<\/figcaption><\/figure>\n<p><strong>Este es el Papa Noel, un perfecto amanita<\/strong><\/p>\n<figure style=\"width: 282px\" class=\"wp-caption alignnone\"><img loading=\"lazy\" decoding=\"async\" class=\" \" title=\"Papa Noel\" src=\"https:\/\/www.gnosisprimordial.com\/wp-content\/uploads\/2009\/07\/papanoel.jpg\" alt=\"Papa Noel\" width=\"282\" height=\"320\"\/><figcaption class=\"wp-caption-text\">Papa Noel<\/figcaption><\/figure>\n<p><strong>Casualidades visuales con la Iglesia Cat\u00f3lica<\/strong><\/p>\n<figure style=\"width: 200px\" class=\"wp-caption alignnone\"><img loading=\"lazy\" decoding=\"async\" class=\" \" title=\"Juan XXIII\" src=\"https:\/\/www.gnosisprimordial.com\/wp-content\/uploads\/2009\/07\/juanxxiii.jpg\" alt=\"Juan XXIII\" width=\"200\" height=\"294\"\/><figcaption class=\"wp-caption-text\">Juan XXIII<\/figcaption><\/figure>\n<p>Juan XXIII, \u00abel Papa Bueno\u00bb. Bueno para la sinarqu\u00eda, muy malo para la Iglesia Cat\u00f3lica.<\/p>\n<p><strong>Tres&nbsp;Papas Hiperb\u00f3reos<\/strong><\/p>\n<figure style=\"width: 200px\" class=\"wp-caption alignnone\"><img loading=\"lazy\" decoding=\"async\" class=\"  \" title=\"P\u00edo XII\" src=\"https:\/\/www.gnosisprimordial.com\/wp-content\/uploads\/2009\/07\/pioxii.jpg\" alt=\"P\u00edo XII\" width=\"200\" height=\"245\"\/><figcaption class=\"wp-caption-text\">P\u00edo XII<\/figcaption><\/figure>\n<p>P\u00edo XII. Santo Protector de Occidente.<\/p>\n<figure style=\"width: 229px\" class=\"wp-caption alignnone\"><img loading=\"lazy\" decoding=\"async\" class=\" \" title=\"Juan Pablo II\" src=\"https:\/\/www.gnosisprimordial.com\/wp-content\/uploads\/2009\/07\/juanpabloii.jpg\" alt=\"Juan Pablo II\" width=\"229\" height=\"299\"\/><figcaption class=\"wp-caption-text\">Juan Pablo II<\/figcaption><\/figure>\n<p>Juan Pablo II. Guerrero. Aniquilador del comunismo.<\/p>\n<figure style=\"width: 250px\" class=\"wp-caption alignnone\"><img loading=\"lazy\" decoding=\"async\" class=\" \" title=\"Benedicto XVI\" src=\"https:\/\/www.gnosisprimordial.com\/wp-content\/uploads\/2009\/07\/benedictoxvi.jpg\" alt=\"Benedicto XVI\" width=\"250\" height=\"315\"\/><figcaption class=\"wp-caption-text\">Benedicto XVI<\/figcaption><\/figure>\n<p>Benedicto XVI. El Esp\u00edritu Romano-Germ\u00e1nico. Custodio y Protector de la Iglesia Cat\u00f3lica.<\/p>\n<!-- AddThis Advanced Settings generic via filter on the_content -->\n<!-- AddThis Share Buttons generic via filter on the_content -->\n","protected":false},"excerpt":{"rendered":"<p>La utilizaci\u00f3n de sustancias vegetales para la consumaci\u00f3n de la Gran Obra Gn\u00f3stica y Alqu\u00edmica: la Liberaci\u00f3n y Retorno del Esp\u00edritu. Complementa la alquimia sexual.&#8230;<\/p>\n<div class=\"more-link-wrapper\"><a class=\"more-link\" href=\"https:\/\/www.gnosisprimordial.com\/?p=415\">Seguir leyendo<span class=\"screen-reader-text\">Alquimia Vegetal<\/span><\/a><\/div>\n<p><!-- AddThis Advanced Settings generic via filter on wp_trim_excerpt --><br \/>\n<!-- AddThis Share Buttons generic via filter on wp_trim_excerpt --><\/p>\n","protected":false},"author":426,"featured_media":0,"comment_status":"closed","ping_status":"open","sticky":false,"template":"","format":"standard","meta":{"footnotes":""},"categories":[1],"tags":[60,46,51,48,50,49,64,58,39,56,53,61,59,63,62,52,54,65,57,47,55],"class_list":["post-415","post","type-post","status-publish","format-standard","hentry","category-articulos","tag-abstinencia-sexual","tag-alquimia","tag-alquimia-sexual","tag-alquimia-vegetal","tag-amanita","tag-amanita-muscaria","tag-benedicto-xvi","tag-cielo","tag-cristianismo","tag-hanuman","tag-hongo","tag-iglesia-catolica","tag-infierno","tag-juan-pablo-ii","tag-juan-xxiii","tag-liberacion-del-espiritu","tag-odin","tag-papa-noel","tag-san-pablo","tag-vegetal","tag-wotan","entry"],"_links":{"self":[{"href":"https:\/\/www.gnosisprimordial.com\/index.php?rest_route=\/wp\/v2\/posts\/415","targetHints":{"allow":["GET"]}}],"collection":[{"href":"https:\/\/www.gnosisprimordial.com\/index.php?rest_route=\/wp\/v2\/posts"}],"about":[{"href":"https:\/\/www.gnosisprimordial.com\/index.php?rest_route=\/wp\/v2\/types\/post"}],"author":[{"embeddable":true,"href":"https:\/\/www.gnosisprimordial.com\/index.php?rest_route=\/wp\/v2\/users\/426"}],"replies":[{"embeddable":true,"href":"https:\/\/www.gnosisprimordial.com\/index.php?rest_route=%2Fwp%2Fv2%2Fcomments&post=415"}],"version-history":[{"count":14,"href":"https:\/\/www.gnosisprimordial.com\/index.php?rest_route=\/wp\/v2\/posts\/415\/revisions"}],"predecessor-version":[{"id":3118,"href":"https:\/\/www.gnosisprimordial.com\/index.php?rest_route=\/wp\/v2\/posts\/415\/revisions\/3118"}],"wp:attachment":[{"href":"https:\/\/www.gnosisprimordial.com\/index.php?rest_route=%2Fwp%2Fv2%2Fmedia&parent=415"}],"wp:term":[{"taxonomy":"category","embeddable":true,"href":"https:\/\/www.gnosisprimordial.com\/index.php?rest_route=%2Fwp%2Fv2%2Fcategories&post=415"},{"taxonomy":"post_tag","embeddable":true,"href":"https:\/\/www.gnosisprimordial.com\/index.php?rest_route=%2Fwp%2Fv2%2Ftags&post=415"}],"curies":[{"name":"wp","href":"https:\/\/api.w.org\/{rel}","templated":true}]}}